{"id":16319,"date":"2026-03-14T07:47:26","date_gmt":"2026-03-14T06:47:26","guid":{"rendered":"https:\/\/naturland.hu\/?p=16319"},"modified":"2026-03-14T07:47:26","modified_gmt":"2026-03-14T06:47:26","slug":"naturtalk-megelozes-es-kockazatcsokkentes","status":"publish","type":"post","link":"https:\/\/naturland.hu\/en\/uncategorized-hu\/naturtalk-megelozes-es-kockazatcsokkentes\/","title":{"rendered":"NaturTalk &#8211; Megel\u0151z\u00e9s \u00e9s kock\u00e1zatcs\u00f6kkent\u00e9s\u202f \u2013 Immunrendszer t\u00e1mogat\u00e1sa 2. r\u00e9sz:"},"content":{"rendered":"<p><span data-contrast=\"auto\">A\u202fNaturTalk\u202fpodcastsorozatban\u202fa term\u00e9szetes alap\u00fa eg\u00e9szs\u00e9gmeg\u0151rz\u00e9s k\u00e9rd\u00e9seit j\u00e1rjuk k\u00f6rbe szakmai n\u00e9z\u0151pontb\u00f3l, k\u00f6z\u00e9rthet\u0151en. A c\u00e9l, hogy a divatos \u00e1ll\u00edt\u00e1sok helyett val\u00f3di tud\u00e1s seg\u00edtsen eligazodni a vitaminok, \u00e9trend-kieg\u00e9sz\u00edt\u0151k \u00e9s gy\u00f3gyn\u00f6v\u00e9nyek vil\u00e1g\u00e1ban.\u202f\u202f<\/span><span data-ccp-props=\"{}\">\u00a0<\/span><\/p>\n<h3><b><span data-contrast=\"auto\">F\u00f3kuszban az immunrendszer &#8211; Megel\u0151z\u00e9s, kock\u00e1zat cs\u00f6kkent\u00e9s\u202f<\/span><\/b><span data-contrast=\"auto\">\u202f<\/span><span data-ccp-props=\"{}\">\u00a0<\/span><\/h3>\n<p><span data-contrast=\"auto\">A m\u00e1sodik epiz\u00f3dban\u202fMatics\u202fKata eg\u00e9szs\u00e9gkommunik\u00e1ci\u00f3s szakember ism\u00e9t dr. Csupor Dezs\u0151 gy\u00f3gyn\u00f6v\u00e9nykutat\u00f3 egyetemi tan\u00e1rral besz\u00e9lget. A t\u00e9ma ez\u00fattal a megel\u0151z\u00e9s: mit tehet\u00fcnk, hogy cs\u00f6kkents\u00fck a fert\u0151z\u00e9sek kock\u00e1zat\u00e1t?\u202f<\/span><span data-ccp-props=\"{}\">\u00a0<\/span><\/p>\n<p><span data-contrast=\"auto\">A besz\u00e9lget\u00e9s egyik fontos \u00fczenete, hogy a megel\u0151z\u00e9s nem jelent biztos v\u00e9delmet. A legt\u00f6bb esetben ink\u00e1bb\u202f<\/span><b><span data-contrast=\"auto\">kock\u00e1zatcs\u00f6kkent\u00e9sr\u0151l<\/span><\/b><span data-contrast=\"auto\">\u202fbesz\u00e9lhet\u00fcnk: az immunrendszer m\u0171k\u00f6d\u00e9s\u00e9t sz\u00e1mos t\u00e9nyez\u0151 befoly\u00e1solja, az \u00e9letm\u00f3dt\u00f3l kezdve a t\u00e1pl\u00e1lkoz\u00e1son \u00e1t a vitaminell\u00e1totts\u00e1gig.\u202f<\/span><span data-ccp-props=\"{}\">\u00a0<\/span><\/p>\n<p><span data-contrast=\"auto\">Sz\u00f3 esik arr\u00f3l is, hogy a magyar lakoss\u00e1g jelent\u0151s r\u00e9sze t\u00e9l v\u00e9g\u00e9re D-vitamin hi\u00e1nyoss\u00e1 v\u00e1lhat, mivel a napf\u00e9ny hi\u00e1nya miatt cs\u00f6kken a szervezet term\u00e9szetes D-vitamin termel\u00e9se. Ugyanakkor a vitaminokn\u00e1l sem igaz az az egyszer\u0171 szab\u00e1ly, hogy min\u00e9l t\u00f6bbet fogyasztunk bel\u0151l\u00fck, ann\u00e1l jobb.\u202f<\/span><span data-ccp-props=\"{}\">\u00a0<\/span><\/p>\n<p><span data-contrast=\"auto\">A besz\u00e9lget\u00e9s kit\u00e9r a C-vitamin, a cink \u00e9s m\u00e1s nyomelemek szerep\u00e9re is, valamint arra, hogy a gy\u00f3gyn\u00f6v\u00e9nyek \u2013 p\u00e9ld\u00e1ul a kasvir\u00e1g, az izlandi zuzm\u00f3 vagy a gy\u00f6mb\u00e9r \u2013 milyen helyzetekben lehetnek \u00e9rdekesek a t\u00e9li id\u0151szakban.\u202f<\/span><span data-ccp-props=\"{}\">\u00a0<\/span><\/p>\n<h3><b><span data-contrast=\"auto\">Itt n\u00e9zheted meg a NaturTalk m\u00e1sodik epiz\u00f3dj\u00e1t:<\/span><\/b><span data-contrast=\"auto\">\u202f<\/span><span data-ccp-props=\"{}\">\u00a0<\/span><\/h3>\n<div style=\"display: flex; justify-content: center;\">\n<p><iframe loading=\"lazy\" title=\"F\u00f3kuszban az immunrendszer t\u00e1mogat\u00e1sa \u2013 2. r\u00e9sz A megel\u0151z\u00e9s fontoss\u00e1ga \u2013 NaturTalk Podacast 2026\/02\" width=\"640\" height=\"360\" src=\"https:\/\/www.youtube.com\/embed\/F62rU6tnYH0?feature=oembed&#038;enablejsapi=1&#038;origin=https:\/\/naturland.hu\" frameborder=\"0\" allow=\"accelerometer; autoplay; clipboard-write; encrypted-media; gyroscope; picture-in-picture; web-share\" referrerpolicy=\"strict-origin-when-cross-origin\" allowfullscreen><\/iframe><\/p>\n<\/div>\n<p>&nbsp;<\/p>\n<p><span data-contrast=\"auto\">A k\u00f6vetkez\u0151 r\u00e9szben az\u202f<\/span><b><span data-contrast=\"auto\">akut fert\u0151z\u00e9sek id\u0151szak\u00e1r\u00f3l<\/span><\/b><span data-contrast=\"auto\">\u202flesz sz\u00f3: arr\u00f3l, hogyan reag\u00e1l a szervezet a k\u00f3rokoz\u00f3kra, \u00e9s mit tehet\u00fcnk ilyenkor a t\u00fcnetek enyh\u00edt\u00e9s\u00e9\u00e9rt.\u202f<\/span><span data-ccp-props=\"{}\">\u00a0<\/span><\/p>\n<p><span data-contrast=\"auto\">\u202f<\/span><span data-ccp-props=\"{}\">\u00a0<\/span><\/p>\n<p><span data-contrast=\"auto\">A\u202fNaturTalk\u202fazoknak sz\u00f3l, akik szeretn\u00e9nek tiszt\u00e1bban l\u00e1tni a term\u00e9szetes alap\u00fa eg\u00e9szs\u00e9gmeg\u0151rz\u00e9s k\u00e9rd\u00e9seiben \u2013 szakmai n\u00e9z\u0151pontb\u00f3l, k\u00f6z\u00e9rthet\u0151en.\u202f\u202f<\/span><span data-ccp-props=\"{}\">\u00a0<\/span><\/p>\n<p><span data-contrast=\"auto\">Tarts vel\u00fcnk, \u00e9s ha hasznosnak tal\u00e1ltad az epiz\u00f3dot, iratkozz fel a csatorn\u00e1ra, \u00e9s k\u00f6vesd a k\u00f6vetkez\u0151 r\u00e9szt, ahol a megel\u0151z\u00e9s lehet\u0151s\u00e9geir\u0151l besz\u00e9lget\u00fcnk.\u202f\u202f<\/span><span data-ccp-props=\"{}\">\u00a0<\/span><\/p>\n<p><span data-contrast=\"auto\">\u202f\u202f<\/span><span data-ccp-props=\"{}\">\u00a0<\/span><\/p>\n<p><span data-contrast=\"auto\">A<\/span><span data-contrast=\"auto\">\u202f<\/span><span data-contrast=\"auto\">Naturland<\/span><span data-contrast=\"auto\">\u202f<\/span><span data-contrast=\"auto\">Web\u00e1ruh\u00e1z\u00e1ban sz\u00e1mos olyan k\u00e9sz\u00edtm\u00e9nyt tal\u00e1lsz, amelyek seg\u00edthetnek az immunrendszered t\u00e1mogat\u00e1s\u00e1ban.<\/span><span data-contrast=\"auto\">\u202f<\/span><span data-contrast=\"auto\">\ud83d\udc49<\/span><span data-contrast=\"auto\">\u202f<\/span><a href=\"https:\/\/shop.naturland.hu\/\"><span data-contrast=\"none\">https:\/\/shop.naturland.hu<\/span><\/a><span data-contrast=\"auto\">\u202f\u202f<\/span><span data-contrast=\"auto\">\u202f\u202f<\/span><span data-ccp-props=\"{}\">\u00a0<\/span><\/p>\n<p><span data-contrast=\"auto\">Az epiz\u00f3dban \u00e9rintett t\u00e9m\u00e1khoz kapcsol\u00f3d\u00f3<\/span><span data-contrast=\"auto\">\u202f<\/span><span data-contrast=\"auto\">Naturland<\/span><span data-contrast=\"auto\">\u202f<\/span><span data-contrast=\"auto\">k\u00e9sz\u00edtm\u00e9nyek:<\/span><span data-contrast=\"auto\">\u202f<\/span><span data-contrast=\"auto\">\u202f\u202f<\/span><span data-ccp-props=\"{}\">\u00a0<\/span><\/p>\n<p><a href=\"https:\/\/shop.naturland.hu\/egeszsegugyi-problemak\/immunrendszer\/\"><span data-contrast=\"none\">https:\/\/shop.naturland.hu\/egeszsegugyi-problemak\/immunrendszer\/<\/span><\/a><span data-contrast=\"auto\">\u202f<\/span><span data-contrast=\"auto\">\u202f\u202f<\/span><span data-ccp-props=\"{}\">\u00a0<\/span><\/p>\n<p><span data-contrast=\"auto\">\u202f<\/span><span data-contrast=\"auto\">\u202f\u202f<\/span><span data-ccp-props=\"{}\">\u00a0<\/span><\/p>\n<p>&nbsp;<\/p>\n<p><span data-contrast=\"auto\">\u26a0\ufe0f<\/span><span data-contrast=\"auto\">\u202f<\/span><b><span data-contrast=\"auto\">Figyelem<\/span><\/b><span data-contrast=\"auto\">:<\/span><span data-contrast=\"auto\">\u202f<\/span><span data-contrast=\"auto\">A vide\u00f3ban elhangz\u00f3\u00a0inform\u00e1ci\u00f3k\u00a0\u00e1ltal\u00e1nos t\u00e1j\u00e9koztat\u00e1st szolg\u00e1lnak, nem helyettes\u00edtik az egy\u00e9ni orvosi tan\u00e1csad\u00e1st. Panasz eset\u00e9n fordulj eg\u00e9szs\u00e9g\u00fcgyi szakemberhez.<\/span><span data-contrast=\"auto\">\u202f<\/span><span data-contrast=\"auto\">\u202f\u202f<\/span><span data-ccp-props=\"{}\">\u00a0<\/span><\/p>\n<p><span data-contrast=\"auto\">A m\u0171sorban elhangzottak a megh\u00edvott vend\u00e9gek \u00e9s szak\u00e9rt\u0151k szem\u00e9lyes, szakmai v\u00e9lem\u00e9ny\u00e9t<\/span><span data-contrast=\"auto\">\u202f<\/span><span data-contrast=\"auto\">t\u00fckr\u00f6zik,\u00a0\u00e9s nem felt\u00e9tlen\u00fcl egyeznek meg<\/span><span data-contrast=\"auto\">\u202f<\/span><span data-contrast=\"auto\">a NATURLAND Magyarorsz\u00e1g Kft. hivatalos\u00a0\u00e1ll\u00e1spontj\u00e1val. A m\u0171sor ismeretterjeszt\u0151\u00a0\u00e9s sz\u00f3rakoztat\u00f3<\/span><span data-contrast=\"auto\">\u202f<\/span><span data-contrast=\"auto\">c\u00e9llal k\u00e9sz\u00fclt.<\/span><span data-contrast=\"auto\">\u202f<\/span><span data-contrast=\"auto\">\u202f\u202f<\/span><span data-ccp-props=\"{}\">\u00a0<\/span><\/p>\n<p><span data-contrast=\"auto\">A m\u0171sor tartalma nem min\u0151s\u00fcl orvosi, gy\u00f3gyszer\u00e9szi vagy egy\u00e9b eg\u00e9szs\u00e9g\u00fcgyi tan\u00e1csad\u00e1snak, diagn\u00f3zisnak vagy ter\u00e1pi\u00e1s javaslatnak, \u00e9s nem helyettes\u00edti a szem\u00e9lyre szabott szakv\u00e9lem\u00e9nyt. Eg\u00e9szs\u00e9g\u00fcgyi panasz vagy k\u00e9rd\u00e9s eset\u00e9n k\u00e9rj\u00fck, forduljon orvoshoz, gy\u00f3gyszer\u00e9szhez vagy m\u00e1s szakk\u00e9pzett eg\u00e9szs\u00e9g\u00fcgyi szakemberhez.<\/span><span data-contrast=\"auto\">\u202f<\/span><span data-contrast=\"auto\">\u202f<\/span><span data-ccp-props=\"{}\">\u00a0<\/span><\/p>\n","protected":false},"excerpt":{"rendered":"<p>A\u202fNaturTalk\u202fpodcastsorozatban\u202fa term\u00e9szetes alap\u00fa eg\u00e9szs\u00e9gmeg\u0151rz\u00e9s k\u00e9rd\u00e9seit j\u00e1rjuk k\u00f6rbe szakmai n\u00e9z\u0151pontb\u00f3l, k\u00f6z\u00e9rthet\u0151en. A c\u00e9l, hogy a divatos \u00e1ll\u00edt\u00e1sok&#8230;<\/p>\n","protected":false},"author":911,"featured_media":16320,"comment_status":"closed","ping_status":"closed","sticky":false,"template":"","format":"standard","meta":{"inline_featured_image":false,"footnotes":""},"categories":[1],"tags":[],"class_list":["post-16319","post","type-post","status-publish","format-standard","has-post-thumbnail","hentry","category-uncategorized-hu"],"_links":{"self":[{"href":"https:\/\/naturland.hu\/en\/wp-json\/wp\/v2\/posts\/16319","targetHints":{"allow":["GET"]}}],"collection":[{"href":"https:\/\/naturland.hu\/en\/wp-json\/wp\/v2\/posts"}],"about":[{"href":"https:\/\/naturland.hu\/en\/wp-json\/wp\/v2\/types\/post"}],"author":[{"embeddable":true,"href":"https:\/\/naturland.hu\/en\/wp-json\/wp\/v2\/users\/911"}],"replies":[{"embeddable":true,"href":"https:\/\/naturland.hu\/en\/wp-json\/wp\/v2\/comments?post=16319"}],"version-history":[{"count":0,"href":"https:\/\/naturland.hu\/en\/wp-json\/wp\/v2\/posts\/16319\/revisions"}],"wp:featuredmedia":[{"embeddable":true,"href":"https:\/\/naturland.hu\/en\/wp-json\/wp\/v2\/media\/16320"}],"wp:attachment":[{"href":"https:\/\/naturland.hu\/en\/wp-json\/wp\/v2\/media?parent=16319"}],"wp:term":[{"taxonomy":"category","embeddable":true,"href":"https:\/\/naturland.hu\/en\/wp-json\/wp\/v2\/categories?post=16319"},{"taxonomy":"post_tag","embeddable":true,"href":"https:\/\/naturland.hu\/en\/wp-json\/wp\/v2\/tags?post=16319"}],"curies":[{"name":"wp","href":"https:\/\/api.w.org\/{rel}","templated":true}]}}