{"id":16315,"date":"2026-03-13T11:13:34","date_gmt":"2026-03-13T10:13:34","guid":{"rendered":"https:\/\/naturland.hu\/?p=16315"},"modified":"2026-03-13T11:13:34","modified_gmt":"2026-03-13T10:13:34","slug":"egyensuly-50-felett-vitaminokkal","status":"publish","type":"post","link":"https:\/\/naturland.hu\/en\/uncategorized-hu\/egyensuly-50-felett-vitaminokkal\/","title":{"rendered":"Energia, vitalit\u00e1s, egyens\u00faly 50 felett \u2013 Hogyan t\u00e1mogassuk a szervezet\u00fcnket hat\u00e9konyan vitaminokkal?"},"content":{"rendered":"<p><span data-contrast=\"auto\">T\u00e9l v\u00e9g\u00e9n k\u00fcl\u00f6n\u00f6sen fontos szerepet t\u00f6ltenek be a vitaminok. Ilyenkor sokan tapasztaljuk, hogy cs\u00f6kkent az energiaszint\u00fcnk: nehezebben indulnak a reggelek,\u00a0<\/span><a href=\"https:\/\/naturland.hu\/blog\/tavaszi-faradtsag-1\/\"><span data-contrast=\"none\">hamarabb elf\u00e1radunk<\/span><\/a><span data-contrast=\"auto\">, \u00e9s a megszokott feladatok is t\u00f6bb er\u0151fesz\u00edt\u00e9st ig\u00e9nyelnek. A r\u00f6videbb nappalok, a kevesebb napf\u00e9ny, a mozg\u00e1sszeg\u00e9nyebb id\u0151szak \u00e9s a t\u00e9li, nehezebb \u00e9telek mind hozz\u00e1j\u00e1rulhatnak ahhoz, hogy szervezet\u00fcnk rakt\u00e1rai r\u00e9szben ki\u00fcr\u00fcljenek.<\/span><span data-ccp-props=\"{&quot;134233117&quot;:true,&quot;134233118&quot;:true,&quot;201341983&quot;:0,&quot;335551550&quot;:6,&quot;335551620&quot;:6,&quot;335559740&quot;:240}\">\u00a0<\/span><\/p>\n<p><span data-contrast=\"auto\">\u00d6tven \u00e9ves kor felett mindez k\u00fcl\u00f6n\u00f6sen igaz lehet.\u00a0<\/span><b><span data-contrast=\"auto\">Az \u00e9letkor el\u0151rehaladt\u00e1val bizonyos \u00e9lettani folyamatok v\u00e1ltozhatnak, \u00e9s a szervezet vitamin- \u00e9s \u00e1sv\u00e1nyianyag-ig\u00e9nye is m\u00f3dosulhat.<\/span><\/b><span data-contrast=\"auto\">\u00a0\u00c9ppen ez\u00e9rt a tavasz nemcsak a term\u00e9szet meg\u00fajul\u00e1s\u00e1nak id\u0151szaka, hanem j\u00f3 alkalom arra is, hogy tudatosan odafigyelj\u00fcnk szervezet\u00fcnk t\u00e1mogat\u00e1s\u00e1ra, \u00e9s gondoskodjunk a megfelel\u0151 vitaminbevitelr\u0151l.<\/span><span data-ccp-props=\"{&quot;134233117&quot;:true,&quot;134233118&quot;:true,&quot;201341983&quot;:0,&quot;335551550&quot;:6,&quot;335551620&quot;:6,&quot;335559740&quot;:240}\">\u00a0<\/span><\/p>\n<h3><b><span data-contrast=\"auto\">Tudatos t\u00e1mogat\u00e1s a mindennapokban\u00a0\u2013 vitaminokkal is<\/span><\/b><span data-ccp-props=\"{&quot;134233117&quot;:true,&quot;134233118&quot;:true,&quot;201341983&quot;:0,&quot;335551550&quot;:6,&quot;335551620&quot;:6,&quot;335559740&quot;:240}\">\u00a0<\/span><\/h3>\n<p><span data-contrast=\"auto\">A tavasz \u00e9rkez\u00e9s\u00e9vel szerencs\u00e9re egyre t\u00f6bb friss, szezon\u00e1lis z\u00f6lds\u00e9g jelenik meg az asztalunkon: a zsenge sal\u00e1t\u00e1k, a retek, az \u00fajhagyma vagy a spen\u00f3t nemcsak sz\u00ednesebb\u00e9 teszik az \u00e9trendet, hanem hozz\u00e1j\u00e1rulhatnak ahhoz is, hogy v\u00e1ltozatosabb, t\u00e1panyagokban gazdagabb fog\u00e1sokat k\u00e9sz\u00edts\u00fcnk. \u00c9rdemes ilyenkor tudatosan n\u00f6velni a z\u00f6lds\u00e9g- \u00e9s gy\u00fcm\u00f6lcsfogyaszt\u00e1st, \u00e9s k\u00f6nnyebb, frissebb \u00e9telekkel t\u00e1mogatni a szervezet meg\u00fajul\u00e1s\u00e1t. M\u00e1r n\u00e9h\u00e1ny apr\u00f3 v\u00e1ltoztat\u00e1s \u2013 p\u00e9ld\u00e1ul egy z\u00f6lds\u00e9gekben gazdag eb\u00e9d vagy egy friss sal\u00e1ta beiktat\u00e1sa vacsor\u00e1ra \u2013 is hozz\u00e1j\u00e1rulhat ahhoz, hogy \u00e9trend\u00fcnk v\u00e1ltozatosabb\u00e1 \u00e9s t\u00e1panyagokban gazdagabb\u00e1 v\u00e1ljon.<\/span><span data-ccp-props=\"{&quot;134233117&quot;:true,&quot;134233118&quot;:true,&quot;201341983&quot;:0,&quot;335551550&quot;:6,&quot;335551620&quot;:6,&quot;335559740&quot;:240}\">\u00a0<\/span><\/p>\n<p><b><span data-contrast=\"auto\">A rendszeres mozg\u00e1s szint\u00e9n\u00a0<\/span><\/b><a href=\"https:\/\/www.hazipatika.com\/eletmod\/termeszetes_gyogymodok\/cikkek\/termeszetes_modszerek_amelyekkel_novelhetjuk_az_energiaszintunket\" target=\"_blank\" rel=\"noopener\"><b><span data-contrast=\"none\">kulcsszerepet j\u00e1tszik<\/span><\/b><\/a><b><span data-contrast=\"auto\">\u00a0az energiaszint helyre\u00e1ll\u00edt\u00e1s\u00e1ban.<\/span><\/b><span data-contrast=\"auto\">\u00a0Nem felt\u00e9tlen\u00fcl intenz\u00edv edz\u00e9sre kell gondolni:\u00a0<\/span><span data-ccp-props=\"{&quot;134233117&quot;:true,&quot;134233118&quot;:true,&quot;201341983&quot;:0,&quot;335551550&quot;:6,&quot;335551620&quot;:6,&quot;335559740&quot;:240}\">\u00a0<\/span><\/p>\n<ul>\n<li aria-setsize=\"-1\" data-leveltext=\"\uf0b7\" data-font=\"Symbol\" data-listid=\"2\" data-list-defn-props=\"{&quot;335551671&quot;:0,&quot;335552541&quot;:1,&quot;335559685&quot;:720,&quot;335559991&quot;:360,&quot;469769226&quot;:&quot;Symbol&quot;,&quot;469769242&quot;:[8226],&quot;469777803&quot;:&quot;left&quot;,&quot;469777804&quot;:&quot;\uf0b7&quot;,&quot;469777815&quot;:&quot;hybridMultilevel&quot;}\" data-aria-posinset=\"0\" data-aria-level=\"1\"><span data-contrast=\"auto\">a temp\u00f3s s\u00e9ta: jav\u00edtja a kering\u00e9st.<\/span><span data-ccp-props=\"{&quot;134233117&quot;:true,&quot;134233118&quot;:true,&quot;201341983&quot;:0,&quot;335551550&quot;:6,&quot;335551620&quot;:6,&quot;335559740&quot;:240}\">\u00a0<\/span><\/li>\n<\/ul>\n<ul>\n<li aria-setsize=\"-1\" data-leveltext=\"\uf0b7\" data-font=\"Symbol\" data-listid=\"2\" data-list-defn-props=\"{&quot;335551671&quot;:0,&quot;335552541&quot;:1,&quot;335559685&quot;:720,&quot;335559991&quot;:360,&quot;469769226&quot;:&quot;Symbol&quot;,&quot;469769242&quot;:[8226],&quot;469777803&quot;:&quot;left&quot;,&quot;469777804&quot;:&quot;\uf0b7&quot;,&quot;469777815&quot;:&quot;hybridMultilevel&quot;}\" data-aria-posinset=\"1\" data-aria-level=\"1\"><span data-contrast=\"auto\">a\u00a0nordic\u00a0walking\u00a0vagy\u00a0a\u00a0ker\u00e9kp\u00e1roz\u00e1s: akt\u00edvan tartja az izmokat.<\/span><span data-ccp-props=\"{&quot;134233117&quot;:true,&quot;134233118&quot;:true,&quot;201341983&quot;:0,&quot;335551550&quot;:6,&quot;335551620&quot;:6,&quot;335559740&quot;:240}\">\u00a0<\/span><\/li>\n<\/ul>\n<ul>\n<li aria-setsize=\"-1\" data-leveltext=\"\uf0b7\" data-font=\"Symbol\" data-listid=\"2\" data-list-defn-props=\"{&quot;335551671&quot;:0,&quot;335552541&quot;:1,&quot;335559685&quot;:720,&quot;335559991&quot;:360,&quot;469769226&quot;:&quot;Symbol&quot;,&quot;469769242&quot;:[8226],&quot;469777803&quot;:&quot;left&quot;,&quot;469777804&quot;:&quot;\uf0b7&quot;,&quot;469777815&quot;:&quot;hybridMultilevel&quot;}\" data-aria-posinset=\"2\" data-aria-level=\"1\"><span data-contrast=\"auto\">a kerti munka: seg\u00edt a k\u00f6z\u00e9rzet jav\u00edt\u00e1s\u00e1ban.<\/span><span data-ccp-props=\"{&quot;134233117&quot;:true,&quot;134233118&quot;:true,&quot;201341983&quot;:0,&quot;335551550&quot;:6,&quot;335551620&quot;:6,&quot;335559740&quot;:240}\">\u00a0<\/span><\/li>\n<\/ul>\n<p><span data-contrast=\"auto\">A mozg\u00e1s \u00e9s a tudatos t\u00e1pl\u00e1lkoz\u00e1s egy\u00fctt hat\u00e9konyan j\u00e1rulhat hozz\u00e1 a vitalit\u00e1s meg\u0151rz\u00e9s\u00e9hez\u00a0az\u00a050\u00a0\u00e9v\u00a0feletti koroszt\u00e1ly sz\u00e1m\u00e1ra. A rendszeress\u00e9g sokszor fontosabb, mint az intenzit\u00e1s: a mindennapokba be\u00e9p\u00edtett, \u00f6r\u00f6mmel v\u00e9gzett aktivit\u00e1s hossz\u00fa t\u00e1von seg\u00edthet fenntartani az energiaszintet \u00e9s a j\u00f3 k\u00f6z\u00e9rzetet.<\/span><span data-ccp-props=\"{&quot;134233117&quot;:true,&quot;134233118&quot;:true,&quot;201341983&quot;:0,&quot;335551550&quot;:6,&quot;335551620&quot;:6,&quot;335559740&quot;:240}\">\u00a0<\/span><\/p>\n<p><b><span data-contrast=\"auto\">A megfelel\u0151 vitamin- \u00e9s \u00e1sv\u00e1nyianyag-bevitel alapja a kiegyens\u00falyozott, vegyes \u00e9trend \u00e9s az eg\u00e9szs\u00e9ges \u00e9letm\u00f3d, ugyanakkor t\u00e9l v\u00e9g\u00e9n, amikor a szervezet energia\u00a0tartal\u00e9kai\u00a0lemer\u00fcltek\u2013 k\u00fcl\u00f6n\u00f6sen\u00a0az 50 \u00e9v feletti koroszt\u00e1ly sz\u00e1m\u00e1ra\u00a0\u2013\u00a0<\/span><\/b><a href=\"https:\/\/www.hazipatika.com\/taplalkozas\/vitamin_abc\/cikkek\/50-felett-ezeket-a-vitaminokat-kell-szedni\" target=\"_blank\" rel=\"noopener\"><span data-contrast=\"none\">\u00e9rdemes c\u00e9lzottan is t\u00e1mogatni a szervezet m\u0171k\u00f6d\u00e9s\u00e9t<\/span><\/a><span data-contrast=\"auto\">\u00a0olyan\u00a0<\/span><a href=\"https:\/\/naturland.hu\/egeszsegtar\/etrend_kiegeszitok\/\"><span data-contrast=\"none\">\u00e9trend-kieg\u00e9sz\u00edt\u0151k<\/span><\/a><span data-contrast=\"auto\">\u00a0szed\u00e9s\u00e9vel, melyekben a sz\u00fcks\u00e9ges vitaminok egyszerre tal\u00e1lhat\u00f3k meg &#8211; p\u00e9ld\u00e1ul\u00a0<\/span><a href=\"https:\/\/shop.naturland.hu\/termek\/naturland-vitacolan-emulzio-senior-250-ml\/\"><span data-contrast=\"none\">Naturland\u00a0Vitacolan Emulzi\u00f3<\/span><\/a><span data-contrast=\"auto\">val, amelyet\u00a0kifejezetten 50 \u00e9v felettiek sz\u00e1m\u00e1ra\u00a0fejlesztettek ki.\u00a0Az \u00e9letkor el\u0151rehaladt\u00e1val\u00a0az em\u00e9szt\u0151rendszer hat\u00e9konys\u00e1ga cs\u00f6kkenhet, ez\u00e9rt fontos, hogy\u00a0olyan k\u00e9sz\u00edtm\u00e9nyt haszn\u00e1ljunk, amely\u00a0k\u00f6nnyen hasznosul.\u00a0<\/span><span data-ccp-props=\"{&quot;134233117&quot;:true,&quot;134233118&quot;:true,&quot;201341983&quot;:0,&quot;335551550&quot;:6,&quot;335551620&quot;:6,&quot;335559740&quot;:240}\">\u00a0<\/span><\/p>\n<h3><b><span data-contrast=\"auto\">Milyen vitaminokra van sz\u00fcks\u00e9ge az 50 felettieknek tavasszal?<\/span><\/b><span data-ccp-props=\"{&quot;134233117&quot;:true,&quot;134233118&quot;:true,&quot;201341983&quot;:0,&quot;335551550&quot;:6,&quot;335551620&quot;:6,&quot;335559740&quot;:240}\">\u00a0<\/span><\/h3>\n<p><b><span data-contrast=\"auto\">50 \u00e9ves kor felett a szervezetnek kiemelten sz\u00fcks\u00e9ge van B-vitaminokra (B3, B5, B6) az anyagcsere \u00e9s az idegrendszer t\u00e1mogat\u00e1s\u00e1hoz, valamint C-vitaminra a sejtek v\u00e9delm\u00e9hez \u00e9s a vas felsz\u00edv\u00f3d\u00e1s\u00e1hoz.\u00a0<\/span><\/b><span data-ccp-props=\"{&quot;134233117&quot;:true,&quot;134233118&quot;:true,&quot;201341983&quot;:0,&quot;335551550&quot;:6,&quot;335551620&quot;:6,&quot;335559740&quot;:240}\">\u00a0<\/span><\/p>\n<table border=\"1\" cellspacing=\"0\" cellpadding=\"2\" data-tablestyle=\"MsoNormalTable\" data-tablelook=\"1184\" aria-rowcount=\"5\">\n<tbody>\n<tr aria-rowindex=\"1\">\n<td data-celllook=\"4369\"><b><span data-contrast=\"auto\">Vitamin<\/span><\/b><span data-ccp-props=\"{&quot;201341983&quot;:0,&quot;335559739&quot;:0,&quot;335559740&quot;:240}\">\u00a0<\/span><\/td>\n<td data-celllook=\"4369\"><b><span data-contrast=\"auto\">Mit t\u00e1mogat?<\/span><\/b><span data-ccp-props=\"{&quot;201341983&quot;:0,&quot;335559739&quot;:0,&quot;335559740&quot;:240}\">\u00a0<\/span><\/td>\n<td data-celllook=\"4369\"><b><span data-contrast=\"auto\">Term\u00e9szetes forr\u00e1sai<\/span><\/b><span data-ccp-props=\"{&quot;201341983&quot;:0,&quot;335559739&quot;:0,&quot;335559740&quot;:240}\">\u00a0<\/span><\/td>\n<\/tr>\n<tr aria-rowindex=\"2\">\n<td data-celllook=\"4369\"><span data-contrast=\"auto\">B3-vitamin (Niacin)<\/span><span data-ccp-props=\"{&quot;201341983&quot;:0,&quot;335559739&quot;:0,&quot;335559740&quot;:240}\">\u00a0<\/span><\/td>\n<td data-celllook=\"4369\"><span data-contrast=\"auto\">Energiah\u00e1ztart\u00e1s, f\u00e1radts\u00e1g cs\u00f6kkent\u00e9se\u00a0<\/span><span data-ccp-props=\"{&quot;201341983&quot;:0,&quot;335559739&quot;:0,&quot;335559740&quot;:240}\">\u00a0<\/span><\/td>\n<td data-celllook=\"4369\"><span data-contrast=\"auto\">H\u00fasok, halak, teljes ki\u0151rl\u00e9s\u0171 gabon\u00e1k<\/span><span data-ccp-props=\"{&quot;201341983&quot;:0,&quot;335559739&quot;:0,&quot;335559740&quot;:240}\">\u00a0<\/span><\/td>\n<\/tr>\n<tr aria-rowindex=\"3\">\n<td data-celllook=\"4369\"><span data-contrast=\"auto\">B5-vitamin<\/span><span data-ccp-props=\"{&quot;201341983&quot;:0,&quot;335559739&quot;:0,&quot;335559740&quot;:240}\">\u00a0<\/span><\/td>\n<td data-celllook=\"4369\"><span data-contrast=\"auto\">Ment\u00e1lis teljes\u00edtm\u00e9ny, idegrendszer\u00a0<\/span><span data-ccp-props=\"{&quot;201341983&quot;:0,&quot;335559739&quot;:0,&quot;335559740&quot;:240}\">\u00a0<\/span><\/td>\n<td data-celllook=\"4369\"><span data-contrast=\"auto\">Toj\u00e1s, gomba, brokkoli<\/span><span data-ccp-props=\"{&quot;201341983&quot;:0,&quot;335559739&quot;:0,&quot;335559740&quot;:240}\">\u00a0<\/span><\/td>\n<\/tr>\n<tr aria-rowindex=\"4\">\n<td data-celllook=\"4369\"><span data-contrast=\"auto\">B6-vitamin<\/span><span data-ccp-props=\"{&quot;201341983&quot;:0,&quot;335559739&quot;:0,&quot;335559740&quot;:240}\">\u00a0<\/span><\/td>\n<td data-celllook=\"4369\"><span data-contrast=\"auto\">Pszichol\u00f3giai funkci\u00f3, f\u00e1radts\u00e1g ellen\u00a0<\/span><span data-ccp-props=\"{&quot;201341983&quot;:0,&quot;335559739&quot;:0,&quot;335559740&quot;:240}\">\u00a0<\/span><\/td>\n<td data-celllook=\"4369\"><span data-contrast=\"auto\">Ban\u00e1n, burgonya, h\u00fasf\u00e9l\u00e9k<\/span><span data-ccp-props=\"{&quot;201341983&quot;:0,&quot;335559739&quot;:0,&quot;335559740&quot;:240}\">\u00a0<\/span><\/td>\n<\/tr>\n<tr aria-rowindex=\"5\">\n<td data-celllook=\"4369\"><span data-contrast=\"auto\">C-vitamin<\/span><span data-ccp-props=\"{&quot;201341983&quot;:0,&quot;335559739&quot;:0,&quot;335559740&quot;:240}\">\u00a0<\/span><\/td>\n<td data-celllook=\"4369\"><span data-contrast=\"auto\">Immunrendszer, sejtek v\u00e9delme\u00a0<\/span><span data-ccp-props=\"{&quot;201341983&quot;:0,&quot;335559739&quot;:0,&quot;335559740&quot;:240}\">\u00a0<\/span><\/td>\n<td data-celllook=\"4369\"><span data-contrast=\"auto\">Paprika, citrusf\u00e9l\u00e9k, bogy\u00f3s gy\u00fcm\u00f6lcs\u00f6k<\/span><span data-ccp-props=\"{&quot;201341983&quot;:0,&quot;335559739&quot;:0,&quot;335559740&quot;:240}\">\u00a0<\/span><\/td>\n<\/tr>\n<\/tbody>\n<\/table>\n<p><b><span data-contrast=\"auto\">Megfelel\u0151 fizikai er\u0151nl\u00e9t\u00fcnk mellett szellemi frissess\u00e9g\u00fcnk meg\u0151rz\u00e9s\u00e9ben is\u00a0kulcsszerepet j\u00e1tszanak a vitaminok<\/span><\/b><span data-contrast=\"auto\">. M\u00edg a\u00a0pantot\u00e9nsav\u00a0(B5-vitamin)\u00a0fontos ahhoz, hogy ment\u00e1lis teljes\u00edtm\u00e9ny\u00fcnk megfelel\u0151 legyen, a B5, B6 \u00e9s C-vitaminok a norm\u00e1l pszichol\u00f3giai funkci\u00f3 fenntart\u00e1s\u00e1hoz \u00e9s az idegrendszer norm\u00e1l m\u0171k\u00f6d\u00e9s\u00e9hez n\u00e9lk\u00fcl\u00f6zhetetlenek, a C-vitamin\u00a0pedig\u00a0hozz\u00e1j\u00e1rul a sejtek oxidat\u00edv stresszel szembeni v\u00e9delm\u00e9hez. A k\u00fcl\u00f6nb\u00f6z\u0151 vitaminok \u00e9s \u00e1sv\u00e1nyi anyagok \u00f6sszehangolt jelenl\u00e9te teh\u00e1t seg\u00edthet abban, hogy 50 felett is meg\u0151rizz\u00fck energiaszint\u00fcnket, vitalit\u00e1sunkat \u00e9s testi-lelki egyens\u00falyunkat.<\/span><span data-ccp-props=\"{&quot;134233117&quot;:true,&quot;134233118&quot;:true,&quot;201341983&quot;:0,&quot;335551550&quot;:6,&quot;335551620&quot;:6,&quot;335559740&quot;:240}\">\u00a0<\/span><\/p>\n<p><span data-contrast=\"auto\">A tavasz a meg\u00fajul\u00e1s id\u0151szaka. Tudatos odafigyel\u00e9ssel, megfelel\u0151 t\u00e1pl\u00e1lkoz\u00e1ssal \u00e9s tudatos vitaminp\u00f3tl\u00e1ssal sokat tehet\u00fcnk az\u00e9rt, hogy energikusabban, kiegyens\u00falyozottabban \u00e9s akt\u00edvabban v\u00e1gjunk neki az el\u0151tt\u00fcnk \u00e1ll\u00f3 h\u00f3napoknak.<\/span><span data-ccp-props=\"{&quot;134233117&quot;:true,&quot;134233118&quot;:true,&quot;201341983&quot;:0,&quot;335551550&quot;:6,&quot;335551620&quot;:6,&quot;335559740&quot;:240}\">\u00a0<\/span><\/p>\n<p>&nbsp;<\/p>\n<p><i><span data-contrast=\"auto\">Az \u00e9trend-kieg\u00e9sz\u00edt\u0151k nem helyettes\u00edtik a kiegyens\u00falyozott, vegyes \u00e9trendet \u00e9s az eg\u00e9szs\u00e9ges \u00e9letm\u00f3dot. A javasolt napi adagot ne l\u00e9pje t\u00fal, a k\u00e9sz\u00edtm\u00e9nyt gyermekekt\u0151l elz\u00e1rva tartsa. Alkalmaz\u00e1sa el\u0151tt mindig olvassa el figyelmesen a term\u00e9k c\u00edmk\u00e9j\u00e9n vagy betegt\u00e1j\u00e9koztat\u00f3j\u00e1ban szerepl\u0151 inform\u00e1ci\u00f3kat.<\/span><\/i><\/p>\n<p><b><span data-contrast=\"auto\">Forr\u00e1sok:<\/span><\/b><span data-ccp-props=\"{&quot;134233117&quot;:true,&quot;134233118&quot;:true,&quot;201341983&quot;:0,&quot;335559740&quot;:240}\">\u00a0<\/span><\/p>\n<p><span data-contrast=\"auto\">https:\/\/egeszsegvonal.gov.hu\/egeszseg-a-z\/b\/b2-vitamin.html<\/span><span data-ccp-props=\"{&quot;134233117&quot;:true,&quot;134233118&quot;:true,&quot;201341983&quot;:0,&quot;335559740&quot;:240}\">\u00a0<\/span><\/p>\n<p><span data-contrast=\"auto\">https:\/\/egeszsegvonal.gov.hu\/egeszseg-a-z\/b\/b5-vitamin.html<\/span><span data-ccp-props=\"{&quot;134233117&quot;:true,&quot;134233118&quot;:true,&quot;201341983&quot;:0,&quot;335559740&quot;:240}\">\u00a0<\/span><\/p>\n<p><a href=\"https:\/\/egeszsegvonal.gov.hu\/egeszseg-a-z\/b\/b6-vitamin.html\" target=\"_blank\" rel=\"noopener\"><span data-contrast=\"none\">https:\/\/egeszsegvonal.gov.hu\/egeszseg-a-z\/b\/b6-vitamin.html<\/span><\/a><span data-ccp-props=\"{&quot;134233117&quot;:true,&quot;134233118&quot;:true,&quot;201341983&quot;:0,&quot;335559740&quot;:240}\">\u00a0<\/span><\/p>\n<p><span data-contrast=\"auto\">https:\/\/www.hazipatika.com\/taplalkozas\/vitamin_abc\/cikkek\/50-felett-ezeket-a-vitaminokat-kell-szedni<\/span><span data-ccp-props=\"{&quot;134233117&quot;:true,&quot;134233118&quot;:true,&quot;201341983&quot;:0,&quot;335559740&quot;:240}\">\u00a0<\/span><\/p>\n<p><span data-contrast=\"auto\">https:\/\/egeszsegvonal.gov.hu\/maradj-egeszseges\/egeszseges-kornyezet\/hidegben\/teli-vitaminpotlas.html<\/span><span data-ccp-props=\"{&quot;134233117&quot;:true,&quot;134233118&quot;:true,&quot;201341983&quot;:0,&quot;335559740&quot;:240}\">\u00a0<\/span><\/p>\n<p><span data-contrast=\"auto\">https:\/\/www.hazipatika.com\/eletmod\/fajdalom\/cikkek\/oregedesnel_ezek_a_vitaminok_kellenek<\/span><span data-ccp-props=\"{&quot;134233117&quot;:true,&quot;134233118&quot;:true,&quot;201341983&quot;:0,&quot;335559740&quot;:240}\">\u00a0<\/span><\/p>\n","protected":false},"excerpt":{"rendered":"<p>T\u00e9l v\u00e9g\u00e9n k\u00fcl\u00f6n\u00f6sen fontos szerepet t\u00f6ltenek be a vitaminok. Ilyenkor sokan tapasztaljuk, hogy cs\u00f6kkent az energiaszint\u00fcnk:&#8230;<\/p>\n","protected":false},"author":911,"featured_media":16316,"comment_status":"closed","ping_status":"closed","sticky":false,"template":"","format":"standard","meta":{"inline_featured_image":false,"footnotes":""},"categories":[1],"tags":[],"class_list":["post-16315","post","type-post","status-publish","format-standard","has-post-thumbnail","hentry","category-uncategorized-hu"],"_links":{"self":[{"href":"https:\/\/naturland.hu\/en\/wp-json\/wp\/v2\/posts\/16315","targetHints":{"allow":["GET"]}}],"collection":[{"href":"https:\/\/naturland.hu\/en\/wp-json\/wp\/v2\/posts"}],"about":[{"href":"https:\/\/naturland.hu\/en\/wp-json\/wp\/v2\/types\/post"}],"author":[{"embeddable":true,"href":"https:\/\/naturland.hu\/en\/wp-json\/wp\/v2\/users\/911"}],"replies":[{"embeddable":true,"href":"https:\/\/naturland.hu\/en\/wp-json\/wp\/v2\/comments?post=16315"}],"version-history":[{"count":0,"href":"https:\/\/naturland.hu\/en\/wp-json\/wp\/v2\/posts\/16315\/revisions"}],"wp:featuredmedia":[{"embeddable":true,"href":"https:\/\/naturland.hu\/en\/wp-json\/wp\/v2\/media\/16316"}],"wp:attachment":[{"href":"https:\/\/naturland.hu\/en\/wp-json\/wp\/v2\/media?parent=16315"}],"wp:term":[{"taxonomy":"category","embeddable":true,"href":"https:\/\/naturland.hu\/en\/wp-json\/wp\/v2\/categories?post=16315"},{"taxonomy":"post_tag","embeddable":true,"href":"https:\/\/naturland.hu\/en\/wp-json\/wp\/v2\/tags?post=16315"}],"curies":[{"name":"wp","href":"https:\/\/api.w.org\/{rel}","templated":true}]}}