{"id":16037,"date":"2025-04-11T16:14:46","date_gmt":"2025-04-11T14:14:46","guid":{"rendered":"https:\/\/naturland.hu\/?p=16037"},"modified":"2025-04-11T16:14:46","modified_gmt":"2025-04-11T14:14:46","slug":"medvehagyma-a-tavaszhirnok","status":"publish","type":"post","link":"https:\/\/naturland.hu\/en\/blog\/medvehagyma-a-tavaszhirnok\/","title":{"rendered":"Medvehagyma, a tavaszh\u00edrn\u00f6k"},"content":{"rendered":"<p><strong>A tavasz els\u0151 z\u00f6ld h\u00edrn\u00f6kei k\u00f6z\u00e9 tartozik a medvehagyma vagy n\u00e9pies nevein s\u00e1sihagyma, <\/strong><strong>boszork\u00e1nyhagyma, vadfokhagyma, erdei fokhagyma. Hersen\u0151sen \u00fcde z\u00f6ld sz\u00edne, er\u0151s, fokhagym\u00e1s illata teszi jellegzetess\u00e9. A medvehagyma k\u00f6zkedvelt gy\u00f3gy- \u00e9s f\u0171szern\u00f6v\u00e9ny, amit v\u00e1ltozatos m\u00f3dokon k\u00e9sz\u00edthet\u00fcnk, alkalmazhatunk.<\/strong><\/p>\n<p>A t\u00e9l legv\u00e9g\u00e9n jelennek meg a medvehagyma els\u0151 levelei, \u00e1prilisra pedig m\u00e1r \u00f6sszef\u00fcgg\u0151 sz\u0151nyegk\u00e9nt bor\u00edtja be a lomberd\u0151k alj\u00e1t. \u00a0Az amarilliszf\u00e9l\u00e9k csal\u00e1dj\u00e1ba tartoz\u00f3 n\u00f6v\u00e9ny 30-40 cm magasra n\u0151, \u00e9vel\u0151 \u00e9s \u00e1prilis-m\u00e1jus k\u00f6rny\u00e9k\u00e9n vir\u00e1gzik. A hagyma hossz\u00fak\u00e1s-toj\u00e1sdad alak\u00fa, a fokhagyma illat\u00e1ra \u00e9s \u00edz\u00e9re eml\u00e9keztet\u0151 n\u00f6v\u00e9ny erd\u0151kben, ligetekben nagy telepeket alkot. Eg\u00e9sz Eur\u00f3p\u00e1ban k\u00f6zismert \u00e9s k\u00f6zkedvelt, Magyarorsz\u00e1gon a Dun\u00e1nt\u00fali-k\u00f6z\u00e9phegys\u00e9g \u00e9s a D\u00e9l-Dun\u00e1nt\u00fal \u00fcde b\u00fckk\u00f6seiben, gyerty\u00e1nos-t\u00f6lgyeseiben fordul el\u0151 t\u00f6megesen. A h\u0171v\u00f6s, p\u00e1r\u00e1s mikrokl\u00edm\u00e1t \u00e9s laza szerkezet\u0171, morzsal\u00e9kos, t\u00e1panyagban gazdag talajt kedveli.<\/p>\n<p>Elnevez\u00e9s\u00e9nek val\u00f3sz\u00edn\u0171s\u00edthet\u0151 eredete az a megfigyel\u00e9s, hogy a t\u00e9li \u00e1lomb\u00f3l \u00e9bred\u0151 medv\u00e9k nagy mennyis\u00e9gben fogyasztj\u00e1k, v\u00e9lhet\u0151en vitaminforr\u00e1sk\u00e9nt \u00e9s em\u00e9szt\u00e9sserkent\u0151 hat\u00e1sa miatt. Friss leveleinek konyhai felhaszn\u00e1l\u00e1s\u00e1ra sz\u00e1mtalan lehet\u0151s\u00e9g van \u2013 cikk\u00fcnk v\u00e9g\u00e9n h\u00e1rmat be is mutatunk -, a vir\u00e1ga pedig k\u00fcl\u00f6nleges arom\u00e1j\u00fa m\u00e9zet biztos\u00edt. Fogyaszt\u00e1sra a kifejlett, friss levelek gy\u0171jthet\u0151k a vir\u00e1gz\u00e1s kezdete el\u0151tt.<\/p>\n<h3>A medvehagyma gy\u00f3gy\u00edt\u00f3 hat\u00e1sa<\/h3>\n<p>R\u00e9g\u00f3ta ismert \u00e9s a n\u00e9pi orvosl\u00e1sban a medvehagym\u00e1t els\u0151sorban a fels\u0151 l\u00e9g\u00fati megbeteged\u00e9sek megel\u0151z\u00e9s\u00e9re \u00e9s a kialakult hurut s\u00falyoss\u00e1g\u00e1nak cs\u00f6kkent\u00e9s\u00e9re alkalmazzuk. Legf\u0151bb hat\u00f3anyaga a k\u00e9ntartalm\u00fa alliin, mely a n\u00f6v\u00e9ny jellegzetes fokhagyma-illat\u00e1\u00e9rt is felel\u0151s. A n\u00f6v\u00e9ny szerves k\u00e9nvegy\u00fcleteket (alkilcisztein-szulfoxidokat) is tartalmaz. J\u00f3l ismert \u00e9rtiszt\u00edt\u00f3 tov\u00e1bb\u00e1 <a href=\"http:\/\/www.hazipatika.com\/taplalkozas\/gyogynovenyek\/cikkek\/a_legsokoldalubb_gyogynoveny_citromfu\/20121121143037\" target=\"_blank\" rel=\"noopener\">b\u00e9lfert\u0151tlen\u00edt\u0151, em\u00e9szt\u00e9st jav\u00edt\u00f3<\/a>\u00a0tulajdons\u00e1ga is, amelyek miatt bizonyos <a href=\"https:\/\/www.hazipatika.com\/tudastar\/emesztesi_panaszok\/41309\" target=\"_blank\" rel=\"noopener\">em\u00e9szt\u00e9si panaszok<\/a>\u00a0kezel\u00e9s\u00e9re is kiv\u00e1l\u00f3. \u00c1ltal\u00e1ban nagyon hasznos a t\u00e9li, nehezebb, zs\u00edrosabb, kevesebb friss z\u00f6lds\u00e9get tartalmaz\u00f3 \u00e9trend miatt ellustult, elrenyh\u00fclt b\u00e9lrendszer kitiszt\u00edt\u00e1s\u00e1ban, mivel fokozza az \u00e9tv\u00e1gyat \u00e9s az em\u00e9szt\u0151rendszer m\u0171k\u00f6d\u00e9s\u00e9t. A C vitamin tartalma is magas, \u00edgy t\u00e1mogatja a szervezet ellen\u00e1ll\u00f3-k\u00e9pess\u00e9g\u00e9t, amire a hossz\u00fa, s\u00f6t\u00e9t \u00e9s hideg t\u00e9li h\u00f3napok ut\u00e1n igencsak sz\u00fcks\u00e9g\u00fcnk lehet.\u00a0Salaktalan\u00edtja\u00a0is a szervezetet, nemcsak az em\u00e9szt\u0151rendszert, de\u00a0a ves\u00e9ket \u00e9s a h\u00fagyh\u00f3lyagot is tiszt\u00edtja.\u00a0Egyes szakemberek szerint pedig a h\u00f6rghurutra hajlamosaknak is aj\u00e1nlott min\u00e9l t\u00f6bb medvehagym\u00e1t fogyasztani, mert seg\u00edt felszak\u00edtani a letapadt v\u00e1lad\u00e9kot.<\/p>\n<p>Tudom\u00e1nyos megfigyel\u00e9sek szerint\u00a0v\u00e9rnyom\u00e1scs\u00f6kkent\u0151 hat\u00e1s\u00fa is,\u00a0lass\u00edtja a koleszterin lerak\u00f3d\u00e1sok kialakul\u00e1s\u00e1t az \u00e9rfalban, jav\u00edtja a v\u00e9gtagok kering\u00e9s\u00e9t. Laborat\u00f3riumi k\u00f6r\u00fclm\u00e9nyek k\u00f6z\u00f6tt a\u00a0fokhagyma\u00a0\u00e9s a medvehagyma a v\u00e9rsz\u00e9rum koleszterinszintj\u00e9t cs\u00f6kkentette az alkalmazott hagymaadagok (k\u00e9ntartalm\u00fa tioszulfin\u00e1tok, ajo\u00e9nek \u00e9s ditiinek) mennyis\u00e9g\u00e9t\u0151l f\u00fcgg\u0151en. Rendszeres fogyaszt\u00e1sa a\u00a0koleszterinszint cs\u00f6kkent\u00e9s\u00e9nek\u00a0\u00e9s \u00edgy sz\u00e1mos sz\u00edv-\u00e9rrendszeri megbeteged\u00e9s megel\u0151z\u00e9s\u00e9nek term\u00e9szetes gy\u00f3gym\u00f3dja. A n\u00e9pgy\u00f3gy\u00e1szatban \u00e1ltal\u00e1nosan b\u00e9lfert\u0151tlen\u00edt\u0151k\u00e9nt \u00e9s m\u00e9regtelen\u00edt\u00e9s\u00e9re is haszn\u00e1lt\u00e1k \u2013 e k\u00e9t j\u00f3t\u00e9kony hat\u00e1s nyilv\u00e1n \u00f6sszef\u00fcgg egym\u00e1ssal. Antibiotikus hat\u00e1s\u00e1t is kimutatt\u00e1k.<\/p>\n<p>Mivel enyhe m\u00e9rt\u00e9kben v\u00e9rlemezke- (trombocita-) \u00f6sszecsap\u00f3d\u00e1st g\u00e1tl\u00f3 aktivit\u00e1ssal is rendelkezik, ez\u00e9rt v\u00e9ralvad\u00e1sg\u00e1tl\u00f3 szerekkel t\u00f6rt\u00e9n\u0151 szed\u00e9se nem javasolt, mert a v\u00e9rz\u00e9s kock\u00e1zata fokoz\u00f3dhat. A megn\u00f6vekedett v\u00e9rz\u00e9shajlam miatt nem szabad medvehagym\u00e1t enni m\u0171t\u00e9tek el\u0151tt, \u00e9s csak orvosi fel\u00fcgyelet mellett megengedett v\u00e9ralvad\u00e1sg\u00e1tl\u00f3t, nem-szteroid gyullad\u00e1scs\u00f6kkent\u0151t szed\u0151 betegek sz\u00e1m\u00e1ra a rendszeres hagymafogyaszt\u00e1s.<\/p>\n<h3>A medvehagyma elk\u00e9sz\u00edt\u00e9se<\/h3>\n<p>Ha p\u00e9ld\u00e1ul a level\u00e9t kipr\u00e9selj\u00fck ki, hozz\u00e1adhatjuk kefirhez, joghurthoz. Kiv\u00e1l\u00f3 t\u00e9sztafelt\u00e9t, \u00fagynevezett pesto is k\u00e9sz\u00edthet\u0151 bel\u0151le. Nagy csokor medvehagym\u00e1t a megmos\u00e1s ut\u00e1n kisebb darabokra szelj\u00fck, kb. 10 deka di\u00f3t illatosra pir\u00edtunk k\u00f6zepes h\u0151m\u00e9rs\u00e9kleten, egy mixel\u0151 ed\u00e9nyben hozz\u00e1adunk b\u0151 egy deci extrasz\u0171z ol\u00edvaolajat \u00e9s kev\u00e9s s\u00f3val esetleg reszelt parmez\u00e1nnal az eg\u00e9szet rusztikusra turmixoljuk. J\u00f3l z\u00e1rhat\u00f3 \u00fcvegbe t\u00e9ve, pici olajr\u00e9teggel a tetej\u00e9n hetekig el\u00e1ll h\u0171t\u0151szekr\u00e9nyben. Rizshez \u00e9s burgony\u00e1hoz is kiv\u00e1l\u00f3!<\/p>\n<p>De meglephetj\u00fck magunkat egy kis medvehagym\u00e1s t\u00far\u00f3kr\u00e9mmel is: t\u00far\u00f3, tejf\u00f6l, s\u00f3, f\u0171szerek \u00e9s finomra apr\u00edtott medvehagyma.<\/p>\n<p>\u00c9rdekess\u00e9g, hogy Nyugat-Eur\u00f3p\u00e1ban olyannyira kedvelt, hogy a t\u00f6meges gy\u0171jt\u00e9s vesz\u00e9lyeztetni kezdte \u00e1llom\u00e1ny\u00e1t, ez\u00e9rt v\u00e9dett\u00e9 nyilv\u00e1n\u00edtott\u00e1k. Haz\u00e1nkban is igyekeznek v\u00e9deni, &#8211; a term\u00e9szetv\u00e9delmi ter\u00fcleteken p\u00e9ld\u00e1ul a gy\u0171jt\u00e9s\u00e9t nem enged\u00e9lyezik -, de m\u00e9g nem v\u00e9dett. Azonban \u00e1llom\u00e1nyainak fennmarad\u00e1s\u00e1hoz fontos a gy\u0171jt\u00e9s szab\u00e1lyainak betart\u00e1sa:<\/p>\n<ul>\n<li>a leveleket ne t\u00e9pj\u00fck ki t\u00f6vest\u00fcl<\/li>\n<li>egy t\u0151r\u0151l csak a levelek egy r\u00e9sz\u00e9t v\u00e1gjuk le<\/li>\n<li>lehet\u0151leg ne egym\u00e1s melletti t\u00f6vekr\u0151l gy\u0171jts\u00fcnk<\/li>\n<li>\u00e9szszer\u0171 mennyis\u00e9get szedj\u00fcnk \u00f6ssze, annyit, amennyit egyszerre j\u00f3l fel tudunk dolgozni, gondoljunk m\u00e1sokra is!<\/li>\n<li>ha valahol csak nagyon kev\u00e9s van bel\u0151le, k\u00edm\u00e9l\u0151bben szedj\u00fck, de m\u00e9g ink\u00e1bb hagyjuk ott.<\/li>\n<\/ul>\n<h3>A medvehagyma lel\u0151helyei<\/h3>\n<p>A Dun\u00e1nt\u00falon tal\u00e1lhat\u00f3k nagyobb telepei, legkor\u00e1bban a Mecsekben \u00e9s a Zselicben gy\u0171jthet\u0151. A d\u00e9li orsz\u00e1gr\u00e9sz hegyein-dombjain k\u00edv\u00fcl a Bakony m\u00e9g egy biztos beszerz\u00e9si forr\u00e1s. Bakonyb\u00e9l \u00e9s k\u00f6rny\u00e9ke, Zirc, P\u00e9csely. \u00c9s a Dun\u00e1nt\u00falon a Gerecs\u00e9ben, Sopron k\u00f6rny\u00e9k\u00e9n, illetve Zalasz\u00e1nt\u00f3, Rezi, V\u00e1rv\u00f6lgy \u00e9s Cserszegtomaj\u00a0k\u00f6rny\u00e9k\u00e9n \u00e9rdemes kutakodni.<\/p>\n<h3>FORR\u00c1SOK<\/h3>\n<p><a href=\"https:\/\/www.hazipatika.com\/gyogynovenytar\/medvehagyma\" target=\"_blank\" rel=\"noopener\">https:\/\/www.hazipatika.com\/gyogynovenytar\/medvehagyma<\/a><\/p>\n<p><a href=\"https:\/\/greendex.hu\/medvehagyma\/\" target=\"_blank\" rel=\"noopener\">https:\/\/greendex.hu\/medvehagyma\/<\/a><\/p>\n<p><a href=\"https:\/\/mme.hu\/medvehagyma\" target=\"_blank\" rel=\"noopener\">https:\/\/mme.hu\/medvehagyma<\/a><\/p>\n<p><a href=\"https:\/\/www.hazipatika.com\/taplalkozas\/gyogynovenyek\/cikkek\/a_legsokoldalubb_gyogynoveny_citromfu\" target=\"_blank\" rel=\"noopener\">https:\/\/www.hazipatika.com\/taplalkozas\/gyogynovenyek\/cikkek\/a_legsokoldalubb_gyogynoveny_citromfu<\/a><\/p>\n<p>&nbsp;<\/p>\n","protected":false},"excerpt":{"rendered":"<p>A tavasz els\u0151 z\u00f6ld h\u00edrn\u00f6kei k\u00f6z\u00e9 tartozik a medvehagyma vagy n\u00e9pies nevein s\u00e1sihagyma, boszork\u00e1nyhagyma, vadfokhagyma, erdei&#8230;<\/p>\n","protected":false},"author":140,"featured_media":16028,"comment_status":"closed","ping_status":"closed","sticky":false,"template":"","format":"standard","meta":{"inline_featured_image":false,"footnotes":""},"categories":[1690,1769],"tags":[],"class_list":["post-16037","post","type-post","status-publish","format-standard","has-post-thumbnail","hentry","category-blog","category-kiemelt"],"_links":{"self":[{"href":"https:\/\/naturland.hu\/en\/wp-json\/wp\/v2\/posts\/16037","targetHints":{"allow":["GET"]}}],"collection":[{"href":"https:\/\/naturland.hu\/en\/wp-json\/wp\/v2\/posts"}],"about":[{"href":"https:\/\/naturland.hu\/en\/wp-json\/wp\/v2\/types\/post"}],"author":[{"embeddable":true,"href":"https:\/\/naturland.hu\/en\/wp-json\/wp\/v2\/users\/140"}],"replies":[{"embeddable":true,"href":"https:\/\/naturland.hu\/en\/wp-json\/wp\/v2\/comments?post=16037"}],"version-history":[{"count":0,"href":"https:\/\/naturland.hu\/en\/wp-json\/wp\/v2\/posts\/16037\/revisions"}],"wp:featuredmedia":[{"embeddable":true,"href":"https:\/\/naturland.hu\/en\/wp-json\/wp\/v2\/media\/16028"}],"wp:attachment":[{"href":"https:\/\/naturland.hu\/en\/wp-json\/wp\/v2\/media?parent=16037"}],"wp:term":[{"taxonomy":"category","embeddable":true,"href":"https:\/\/naturland.hu\/en\/wp-json\/wp\/v2\/categories?post=16037"},{"taxonomy":"post_tag","embeddable":true,"href":"https:\/\/naturland.hu\/en\/wp-json\/wp\/v2\/tags?post=16037"}],"curies":[{"name":"wp","href":"https:\/\/api.w.org\/{rel}","templated":true}]}}