{"id":15939,"date":"2025-02-27T15:16:10","date_gmt":"2025-02-27T14:16:10","guid":{"rendered":"https:\/\/naturland.hu\/?p=15939"},"modified":"2025-02-27T15:16:10","modified_gmt":"2025-02-27T14:16:10","slug":"a-harsfavirag-jotetemenyei","status":"publish","type":"post","link":"https:\/\/naturland.hu\/en\/blog\/a-harsfavirag-jotetemenyei\/","title":{"rendered":"A h\u00e1rsfavir\u00e1g j\u00f3t\u00e9tem\u00e9nyei"},"content":{"rendered":"<p><strong>A ny\u00e1rel\u0151 meghat\u00e1roz\u00f3 illata, amikor a h\u00e1rsfa vir\u00e1gozni kezd. Vir\u00e1gzat\u00e1t ilyenkor \u00e9rdemes gy\u0171jteni is. A h\u00e1rsfavir\u00e1g tea sz\u00e1mtalan kedvez\u0151 \u00e9lettani hat\u00e1ssal b\u00edr. \u00c9vsz\u00e1zadok \u00f3ta haszn\u00e1ljuk a pihentet\u0151 alv\u00e1s t\u00e1mogat\u00e1s\u00e1ban, j\u00f3l nyugtatja az em\u00e9szt\u0151rendszert, enyh\u00edtheti a magas v\u00e9rnyom\u00e1st, csillap\u00edtja a szorong\u00e1st.<\/strong><\/p>\n<p>Magyarorsz\u00e1g h\u00edres h\u00e1rsf\u00e1i: a dunabogd\u00e1nyi &#8220;\u00f6reg h\u00e1rsfa&#8221;, M\u00e1ty\u00e1s kir\u00e1ly h\u00e1rsf\u00e1ja Bajm\u00f3con \u00e9s a 11 m\u00e9ter t\u00f6rzsker\u00fclet\u0171 \u00f6tv\u00f6sk\u00f3nyi h\u00e1rs. N\u00e9metorsz\u00e1g legid\u0151sebb, 1200 \u00e9ves f\u00e1ja is egy nagylevel\u0171 h\u00e1rs. A h\u00e1rsfa a germ\u00e1nokn\u00e1l szent fa volt, a szerelmesek f\u00e1ja, amely a term\u00e9kenys\u00e9get szimboliz\u00e1lta. Nem v\u00e9letlen hogy Walter von der Vogelweide lovagk\u00f6lt\u0151 h\u00edres verse, a H\u00e1rsfa\u00e1gak csendes \u00e1rny\u00e1n c\u00edmet viseli (ford\u00edtotta Babits Mih\u00e1ly) \u00e9s amely egy fa t\u00f6v\u00e9ben lej\u00e1tsz\u00f3dott pajz\u00e1n kalandot mes\u00e9l el. De mi most nem a h\u00e1rsfavir\u00e1g kellemesen b\u00f3d\u00edt\u00f3 illat\u00e1ra, hanem te\u00e1j\u00e1nak j\u00f3t\u00e9tem\u00e9nyeire f\u00f3kusz\u00e1lunk.<\/p>\n<p>A h\u00e1rsfatea gyeng\u00e9d \u00e9s hidrat\u00e1l\u00f3, m\u00e1r \u00e9vsz\u00e1zadok \u00f3ta ismerik \u00e9s nagyra tartj\u00e1k er\u0151s nyugtat\u00f3 tulajdons\u00e1gai miatt. Seg\u00edti az ellazul\u00e1st, az alv\u00e1st, j\u00f3l nyugtatja az em\u00e9szt\u0151rendszert. A h\u00e1rsfate\u00e1t a n\u00e9pi gy\u00f3gy\u00e1szatban sz\u00e1mos kult\u00far\u00e1ban haszn\u00e1lt\u00e1k a magas v\u00e9rnyom\u00e1s enyh\u00edt\u00e9s\u00e9re, a szorong\u00e1s csillap\u00edt\u00e1s\u00e1ra \u00e9s az em\u00e9szt\u00e9s t\u00e1mogat\u00e1s\u00e1ra. A r\u00e9gebbi id\u0151kben a gy\u00f3gyn\u00f6v\u00e9nyes f\u0151zethez a vir\u00e1gokat, a leveleket \u00e9s a k\u00e9rget is leforr\u00e1zt\u00e1k \u00e9s \u00e1ztatt\u00e1k. A megb\u00edzhat\u00f3 gy\u00e1rt\u00f3k, mint amilyen a NATURLAND is, <a href=\"https:\/\/naturland.hu\/?s=h\u00e1rsfa&amp;x=0&amp;y=0\">ma m\u00e1r els\u0151sorban a vir\u00e1gzat\u00e1t hasznos\u00edtj\u00e1k term\u00e9keikben<\/a>.<\/p>\n<h3>El\u0151seg\u00edtheti az ellazul\u00e1st<\/h3>\n<p>Eleve, amikor le\u00fcl\u00fcnk <a href=\"https:\/\/naturland.hu\/termek\/naturland-harsfavirag-tea-filteres-20x125g\/\">egy cs\u00e9sze forr\u00f3 tea mell\u00e9<\/a>, az m\u00e1r \u00f6nmag\u00e1ban is megnyugtat\u00f3 ritu\u00e1l\u00e9. Egy finom h\u00e1rsfatea azonban t\u00f6bb egy b\u00f6gre meleg italn\u00e1l. \u00c1ztatott \u00e9des vir\u00e1gait a n\u00e9pi gy\u00f3gy\u00e1szatban a relax\u00e1ci\u00f3 el\u0151seg\u00edt\u00e9s\u00e9re \u00e9s a szorong\u00e1s t\u00fcneteinek enyh\u00edt\u00e9s\u00e9re haszn\u00e1lt\u00e1k, \u00e9s \u00fagy t\u0171nik, hogy n\u00e9h\u00e1ny tanulm\u00e1ny is al\u00e1t\u00e1masztja ezeket az \u00e1ll\u00edt\u00e1sokat.<\/p>\n<p>Egy egereken v\u00e9gzett vizsg\u00e1lat meg\u00e1llap\u00edtotta, hogy az egyik h\u00e1rsfafajta r\u00fcgyeinek kivonatai er\u0151s nyugtat\u00f3 tulajdons\u00e1gokkal rendelkeznek \u00e9s ez a h\u00e1rsfakivonat ut\u00e1nozta a gaba-amino-vajsav (GABA) aktivit\u00e1s\u00e1t, egy olyan agyi vegyi anyag\u00e9t, amely g\u00e1tolja az emberi idegrendszerben az ingerl\u00e9kenys\u00e9g kialakul\u00e1s\u00e1t. \u00cdgy a h\u00e1rsfatea az agyi vegyi anyag\u00e1hoz hasonl\u00f3an hatva el\u0151seg\u00edtheti a relax\u00e1ci\u00f3t. Term\u00e9szetesen m\u00e9g kutat\u00e1sokra van sz\u00fcks\u00e9g a pontos hat\u00e1smechanizmus felt\u00e1r\u00e1s\u00e1hoz.<\/p>\n<h3>Seg\u00edthet a gyullad\u00e1s lek\u00fczd\u00e9s\u00e9ben<\/h3>\n<p>A kr\u00f3nikus gyullad\u00e1sok sz\u00e1mos betegs\u00e9g kialakul\u00e1s\u00e1hoz hozz\u00e1j\u00e1rulhatnak, bele\u00e9rtve a 2-es t\u00edpus\u00fa cukorbetegs\u00e9get \u00e9s a r\u00e1kot. Az antioxid\u00e1ns-vegy\u00fcletek azonban seg\u00edtenek a gyullad\u00e1sok lek\u00fczd\u00e9s\u00e9ben, cs\u00f6kkentve ezzel a betegs\u00e9gek kock\u00e1zat\u00e1t. A flavonoidok a h\u00e1rsfa vir\u00e1gaiban tal\u00e1lhat\u00f3 antioxid\u00e1nsok egyik t\u00edpusa, m\u00edg a tilirozid, a kvercetin \u00e9s a kaempferol kifejezetten a h\u00e1rsfavir\u00e1g bimb\u00f3ihoz kapcsol\u00f3dik. A tililrozid egy olyan er\u0151s antioxid\u00e1ns, amely a szervezetben l\u00e9v\u0151 szabad gy\u00f6k\u00f6k hat\u00e1stalan\u00edt\u00e1s\u00e1val fejti ki hat\u00e1s\u00e1t. (A szabad gy\u00f6k\u00f6k oxidat\u00edv k\u00e1rosod\u00e1st okozhatnak, ami gyullad\u00e1shoz vezethet.) A kaempherol is felveheti a harcot a gyullad\u00e1ssal.<\/p>\n<p>Mivel ezeknek az antioxid\u00e1nsoknak a mennyis\u00e9ge m\u00e1rk\u00e1nk\u00e9nt \u00e9s teakever\u00e9kenk\u00e9nt v\u00e1ltozhat, nyilv\u00e1n t\u00f6bb kutat\u00e1sra van sz\u00fcks\u00e9g m\u00e9g annak meghat\u00e1roz\u00e1s\u00e1hoz, hogy pontosan mennyi \u00e9s milyen min\u0151s\u00e9g\u0171 h\u00e1rsfate\u00e1t kell fogyasztani a hat\u00e9kony gyullad\u00e1scs\u00f6kkent\u00e9shez.<\/p>\n<h3>Cs\u00f6kkentheti az enyhe f\u00e1jdalmat<\/h3>\n<p>A kr\u00f3nikusan jelentkez\u0151 f\u00e1jdalom emberek milli\u00f3it \u00e9rinti vil\u00e1gszerte, \u00e1ltal\u00e1ban a feln\u0151ttek h\u00fasz sz\u00e1zal\u00e9ka, minden \u00f6t\u00f6dik ember tapasztalta m\u00e1r. \u00c9rdekes m\u00f3don a h\u00e1rsfate\u00e1ban tal\u00e1lhat\u00f3 egyes antioxid\u00e1nsok enyh\u00edthetik a f\u00e1jdalmat. Egy 8 h\u00e9ten \u00e1t tart\u00f3 vizsg\u00e1latban 50 reum\u00e1s \u00edz\u00fcleti gyullad\u00e1sban szenved\u0151 n\u0151 eset\u00e9ben meg\u00e1llap\u00edtott\u00e1k, hogy 500 mg kvercetin (a h\u00e1rsfate\u00e1ban tal\u00e1lhat\u00f3 egyik antioxid\u00e1ns) p\u00f3tl\u00e1sa jelent\u0151sen jav\u00edtotta a f\u00e1jdalom t\u00fcneteit \u00e9s a gyullad\u00e1s markereit. Nem szabad azonban figyelmen k\u00edv\u00fcl hagyni, hogy 500 mg kvercetin nagyon nagy mennyis\u00e9g. Egy \u00e1tlagos feln\u0151tt napi 10 mg-ot fogyaszt ebb\u0151l az antioxid\u00e1nsb\u00f3l (a m\u00e9rt\u00e9k az \u00e9trendt\u0151l f\u00fcgg\u0151en nagyban v\u00e1ltozik), de p\u00e9ld\u00e1ul a napi 80 mg m\u00e1r magas bevitelnek sz\u00e1m\u00edt. A h\u00e1rsfate\u00e1ban l\u00e9v\u0151 kvercetin vagy m\u00e1s flavonoidok mennyis\u00e9ge pedig nagyban k\u00fcl\u00f6nb\u00f6zik a m\u00e1rk\u00e1t\u00f3l \u00e9s a r\u00fcgyek, levelek \u00e9s k\u00e9reg ar\u00e1ny\u00e1t\u00f3l az adott kever\u00e9kben.<\/p>\n<p>Ennek eredm\u00e9nyek\u00e9ppen szinte lehetetlen megmondani, hogy mennyi antioxid\u00e1nst juttatunk be a szervezet\u00fcnkbe egyetlen cs\u00e9sze h\u00e1rsfa te\u00e1val. Tov\u00e1bbi kutat\u00e1sokra van sz\u00fcks\u00e9g annak meghat\u00e1roz\u00e1s\u00e1hoz, hogy mennyi sz\u00fcks\u00e9ges ebb\u0151l az italb\u00f3l a f\u00e1jdalom enyh\u00edt\u00e9s\u00e9hez.<\/p>\n<figure id=\"attachment_15890\" aria-describedby=\"caption-attachment-15890\" style=\"width: 602px\" class=\"wp-caption alignleft\"><img loading=\"lazy\" decoding=\"async\" class=\"size-full wp-image-15890\" src=\"https:\/\/naturland.hu\/wp-content\/uploads\/2021\/09\/208100450_m.jpg\" alt=\"Frissen vir\u00e1gz\u00f3 h\u00e1rsfa\" width=\"602\" height=\"402\" srcset=\"https:\/\/naturland.hu\/wp-content\/uploads\/2021\/09\/208100450_m.jpg 602w, https:\/\/naturland.hu\/wp-content\/uploads\/2021\/09\/208100450_m-440x294.jpg 440w, https:\/\/naturland.hu\/wp-content\/uploads\/2021\/09\/208100450_m-600x401.jpg 600w\" sizes=\"auto, (max-width: 602px) 100vw, 602px\" \/><figcaption id=\"caption-attachment-15890\" class=\"wp-caption-text\">Frissen vir\u00e1gz\u00f3 h\u00e1rsfa<\/figcaption><\/figure>\n<h3>V\u00edzhajt\u00f3 hat\u00e1s\u00fa lehet<\/h3>\n<p>A h\u00e1rsfate\u00e1t a n\u00e9pi gy\u00f3gy\u00e1szatban a verejt\u00e9kez\u00e9s \u00e9s a produkt\u00edv k\u00f6h\u00f6g\u00e9s el\u0151seg\u00edt\u00e9s\u00e9re haszn\u00e1lt\u00e1k, amikor egy kisebb betegs\u00e9g, p\u00e9ld\u00e1ul a megf\u00e1z\u00e1s eluralkodott. N\u00e9metorsz\u00e1gban p\u00e9ld\u00e1ul 1-2 cs\u00e9sze (235-470 ml) h\u00e1rsfatea lefekv\u00e9s el\u0151tti fogyaszt\u00e1sa enged\u00e9lyezett izzad\u00e1sserkent\u0151 f\u0151zetk\u00e9nt feln\u0151ttek \u00e9s 12 \u00e9v feletti gyermekek sz\u00e1m\u00e1ra. A j\u00f3t\u00e9kony hat\u00e1sokat a benne l\u00e9v\u0151 n\u00f6v\u00e9nyi vegy\u00fcletek, k\u00fcl\u00f6n\u00f6sen a kvercetin, a kaempferol \u00e9s a p-kum\u00e1rsav kombin\u00e1ci\u00f3ja okozhatja. Jelenleg nem \u00e1ll rendelkez\u00e9sre elegend\u0151 tudom\u00e1nyos bizony\u00edt\u00e9k arra, hogy a h\u00e1rsfatea \u00e9s k\u00e9miai tulajdons\u00e1gai k\u00f6zvetlen\u00fcl \u00f6sszef\u00fcgg\u00e9sbe hozhat\u00f3k a v\u00edzhajt\u00f3 hat\u00e1ssal. A vizelethajt\u00f3 egy olyan anyag, amely arra \u00f6szt\u00f6nzi a szervezetet, hogy t\u00f6bb folyad\u00e9kot v\u00e1lasszon ki, m\u00edg a diaforetikum (orvosi izzaszt\u00f3szer)olyan anyag, amelyet a l\u00e1z m\u00e9rs\u00e9kl\u00e9s\u00e9re, a testfel\u00fclet leh\u0171t\u00e1s\u00e9re haszn\u00e1ljuk az\u00e1ltal, hogy izzad\u00e1sra \u00f6szt\u00f6nzik a test\u00fcnket.<\/p>\n<h3>A v\u00e9rnyom\u00e1s cs\u00f6kkent\u00e9se<\/h3>\n<p>A h\u00e1rsfatea egyes n\u00f6v\u00e9nyi \u00f6sszetev\u0151ir\u0151l, p\u00e9ld\u00e1ul a tilirozidr\u00f3l, a rutozidr\u00f3l \u00e9s a klorog\u00e9nsavr\u00f3l kutat\u00e1sok alapj\u00e1n azt felt\u00e9telezik, hogy cs\u00f6kkentik a v\u00e9rnyom\u00e1st. Egy eg\u00e9rvizsg\u00e1lat meg\u00e1llap\u00edtotta, hogy a h\u00e1rsfate\u00e1ban tal\u00e1lhat\u00f3 antioxid\u00e1ns, a tilirozid hat\u00e1ssal volt a sz\u00edv kalciumcsatorn\u00e1ira. A kalcium szerepet j\u00e1tszik a sz\u00edv izom\u00f6sszeh\u00faz\u00f3d\u00e1saiban. Az egereknek elt\u00e9r\u0151 mennyis\u00e9g\u0171 antioxid\u00e1nst adtak be tests\u00falykilogrammonk\u00e9nt, mire v\u00e1laszul cs\u00f6kkent a szisztol\u00e9s v\u00e9rnyom\u00e1s (a leolvas\u00e1s legfels\u0151 sz\u00e1ma). Ez a k\u00eds\u00e9rlet magyar\u00e1zatot adhat arra, hogy a h\u00e1rsfate\u00e1t mi\u00e9rt haszn\u00e1lt\u00e1k a n\u00e9pi gy\u00f3gy\u00e1szatban v\u00e9rnyom\u00e1scs\u00f6kkent\u00e9sre.<\/p>\n<p>Ez a hat\u00e1s azonban m\u00e9g nem teljesen ismert, \u00e9s tov\u00e1bbi tudom\u00e1nyos vizsg\u00e1latokat ig\u00e9nyel. A h\u00e1rsfatea soha nem haszn\u00e1lhat\u00f3 a sz\u00edvgy\u00f3gyszerek helyettes\u00edt\u00e9s\u00e9re!<\/p>\n<h3>Az elalv\u00e1s seg\u00edt\u00e9se<\/h3>\n<p>A h\u00e1rsfate\u00e1t sz\u00edvesen alkalmazt\u00e1k a n\u00e9pi gy\u00f3gy\u00e1szatban az alv\u00e1s el\u0151seg\u00edt\u00e9s\u00e9re. N\u00f6v\u00e9nyi vegy\u00fcletei er\u0151s nyugtat\u00f3 tulajdons\u00e1gokkal rendelkeznek, amelyek el\u0151seg\u00edthetik az alv\u00e1shoz vezet\u0151 ellazul\u00e1st. Egy egereken v\u00e9gzett vizsg\u00e1lat meg\u00e1llap\u00edtotta, hogy egyes h\u00e1rsf\u00e1kb\u00f3l sz\u00e1rmaz\u00f3 kivonatok nyugtat\u00f3 hat\u00e1s\u00faak voltak az\u00e1ltal, hogy \u00e1lmoss\u00e1got okozva lenyomt\u00e1k a k\u00f6zponti idegrendszert. Tov\u00e1bbi kutat\u00e1sokra van sz\u00fcks\u00e9g a h\u00e1rsfatea \u00e9s az alv\u00e1s k\u00f6z\u00f6tti kapcsolat felt\u00e1r\u00e1s\u00e1hoz.<\/p>\n<p>A h\u00e1rsfatea el\u0151seg\u00edtheti az alv\u00e1st, de hogy mik\u00e9nt fejti ki ezt a hat\u00e1st, arra csak anekdotikus bizony\u00edt\u00e9kok \u00e1llnak rendelkez\u00e9sre.<\/p>\n<h3>Megnyugtatja az em\u00e9szt\u0151rendszert<\/h3>\n<p>Mint minden forr\u00f3 tea, a h\u00e1rsfatea is gyeng\u00e9d meleget \u00e9s hidrat\u00e1l\u00e1st biztos\u00edt. Mindkett\u0151 megnyugtatja az em\u00e9szt\u0151rendszert, mivel a folyad\u00e9k seg\u00edt a t\u00e1panyagok mozgat\u00e1s\u00e1ban a b\u00e9lcsatorn\u00e1ban. Gyomorpanaszok idej\u00e9n a h\u00e1rsfatea megnyugtathatja az em\u00e9szt\u0151rendszert. A tilirozid, a h\u00e1rsf\u00e1ban tal\u00e1lhat\u00f3 n\u00f6v\u00e9nyi vegy\u00fcletek egyike bizony\u00edtottan seg\u00edt a fert\u0151z\u0151 hasmen\u00e9s lek\u00fczd\u00e9s\u00e9ben.<\/p>\n<h3>Felhaszn\u00e1l\u00e1sa<\/h3>\n<p>A h\u00e1rsfatea egyszer\u0171en beilleszthet\u0151 az \u00e9trendbe. \u00c9lvezheted \u00f6nmag\u00e1ban vagy egy szelet citrommal \u00e9s egy p\u00fapozott kan\u00e1l (h\u00e1rs)m\u00e9zzel. <a href=\"https:\/\/naturland.hu\/termek\/naturland-harsfaviragzat-tea-tasakos-100g\/\">N\u00e9h\u00e1ny zacsk\u00f3 h\u00e1rsfate\u00e1t<\/a> ak\u00e1r egy \u00e9jszak\u00e1n \u00e1t szobah\u0151m\u00e9rs\u00e9klet\u0171 v\u00edzben is \u00e1ztathatsz, \u00e9s ny\u00e1ron jeges teak\u00e9nt ihatod. \u00c9rdemes a tealeveleket sz\u0171r\u0151zacsk\u00f3 n\u00e9lk\u00fcl \u00e1ztatni. Tanulm\u00e1nyok szerint \u00edgy t\u00f6bb antioxid\u00e1ns marad meg benn\u00fck.<\/p>\n<p>B\u00e1r \u00e1ltal\u00e1ban biztons\u00e1gosnak tekinthet\u0151, ker\u00fcld a h\u00e1rsfate\u00e1t, ha allergi\u00e1s vagy a h\u00e1rsra vagy annak vir\u00e1gpor\u00e1ra. Azok, akik l\u00edtiumtartalm\u00fa gy\u00f3gyszereket szednek, ne igyanak h\u00e1rsfate\u00e1t, mivel az ital megv\u00e1ltoztathatja, hogy a szervezet hogyan v\u00e1lasztja ki ezt az elemet. Ez befoly\u00e1solhatja az adagol\u00e1st, \u00e9s s\u00falyos mell\u00e9khat\u00e1sokkal j\u00e1rhat.<\/p>\n<p>Mivel a h\u00e1rsfatea el\u0151seg\u00edtheti a folyad\u00e9kok kiv\u00e1laszt\u00e1s\u00e1t, a kisz\u00e1rad\u00e1s megel\u0151z\u00e9se \u00e9rdek\u00e9ben ker\u00fclj\u00fck m\u00e1s v\u00edzhajt\u00f3kkal egy\u00fctt t\u00f6rt\u00e9n\u0151 alkalmaz\u00e1s\u00e1t.<\/p>\n<h3>FORR\u00c1SOK<\/h3>\n<p><a href=\"https:\/\/www.webmd.com\/diet\/health-benefits-linden-tea\" target=\"_blank\" rel=\"noopener\">https:\/\/www.webmd.com\/diet\/health-benefits-linden-tea<\/a><\/p>\n<p><a href=\"https:\/\/www.hazipatika.com\/eletmod\/termeszetes_gyogymodok\/cikkek\/mire_jo_a_harsfavirag\" target=\"_blank\" rel=\"noopener\">https:\/\/www.hazipatika.com\/eletmod\/termeszetes_gyogymodok\/cikkek\/mire_jo_a_harsfavirag<\/a><\/p>\n<p><a href=\"https:\/\/www.hazipatika.com\/gyogynovenytar\/hars_kislevelu\" target=\"_blank\" rel=\"noopener\">https:\/\/www.hazipatika.com\/gyogynovenytar\/hars_kislevelu<\/a><\/p>\n<p><a href=\"https:\/\/www.healthline.com\/nutrition\/teas-that-help-you-sleep\" target=\"_blank\" rel=\"noopener\">https:\/\/www.healthline.com\/nutrition\/teas-that-help-you-sleep<\/a><\/p>\n<p>&nbsp;<\/p>\n","protected":false},"excerpt":{"rendered":"<p>A ny\u00e1rel\u0151 meghat\u00e1roz\u00f3 illata, amikor a h\u00e1rsfa vir\u00e1gozni kezd. Vir\u00e1gzat\u00e1t ilyenkor \u00e9rdemes gy\u0171jteni is. A h\u00e1rsfavir\u00e1g&#8230;<\/p>\n","protected":false},"author":140,"featured_media":15885,"comment_status":"closed","ping_status":"closed","sticky":false,"template":"","format":"standard","meta":{"inline_featured_image":false,"footnotes":""},"categories":[1690,1769],"tags":[],"class_list":["post-15939","post","type-post","status-publish","format-standard","has-post-thumbnail","hentry","category-blog","category-kiemelt"],"_links":{"self":[{"href":"https:\/\/naturland.hu\/en\/wp-json\/wp\/v2\/posts\/15939","targetHints":{"allow":["GET"]}}],"collection":[{"href":"https:\/\/naturland.hu\/en\/wp-json\/wp\/v2\/posts"}],"about":[{"href":"https:\/\/naturland.hu\/en\/wp-json\/wp\/v2\/types\/post"}],"author":[{"embeddable":true,"href":"https:\/\/naturland.hu\/en\/wp-json\/wp\/v2\/users\/140"}],"replies":[{"embeddable":true,"href":"https:\/\/naturland.hu\/en\/wp-json\/wp\/v2\/comments?post=15939"}],"version-history":[{"count":0,"href":"https:\/\/naturland.hu\/en\/wp-json\/wp\/v2\/posts\/15939\/revisions"}],"wp:featuredmedia":[{"embeddable":true,"href":"https:\/\/naturland.hu\/en\/wp-json\/wp\/v2\/media\/15885"}],"wp:attachment":[{"href":"https:\/\/naturland.hu\/en\/wp-json\/wp\/v2\/media?parent=15939"}],"wp:term":[{"taxonomy":"category","embeddable":true,"href":"https:\/\/naturland.hu\/en\/wp-json\/wp\/v2\/categories?post=15939"},{"taxonomy":"post_tag","embeddable":true,"href":"https:\/\/naturland.hu\/en\/wp-json\/wp\/v2\/tags?post=15939"}],"curies":[{"name":"wp","href":"https:\/\/api.w.org\/{rel}","templated":true}]}}