{"id":12827,"date":"2024-05-17T15:27:22","date_gmt":"2024-05-17T13:27:22","guid":{"rendered":"https:\/\/naturland.hu\/?p=12827"},"modified":"2024-05-17T15:27:22","modified_gmt":"2024-05-17T13:27:22","slug":"az-intervallum-dieta","status":"publish","type":"post","link":"https:\/\/naturland.hu\/en\/blog\/az-intervallum-dieta\/","title":{"rendered":"Az intervallum di\u00e9ta"},"content":{"rendered":"<p><strong>P\u00e9ntekenk\u00e9nt nem eszem semmit. Este hat ut\u00e1n m\u00e1r csak vizet iszom. Hetente k\u00e9t napon komoly b\u00f6jt\u00f6t tartok. Biztosan tal\u00e1lkozt\u00e1l m\u00e1r ismer\u0151si, bar\u00e1ti k\u00f6rben ezekkel a mondatokkal. Nos mindegyik az id\u0151szakos b\u00f6jt\u00f6l\u00e9sre (IF=Intermittent Fasting) vonatkozik, amelyet gyakran intervallumdi\u00e9t\u00e1nak is neveznek. Mostan\u00e1ban v\u00e1lt igaz\u00e1n n\u00e9pszer\u0171v\u00e9 ez a fogy\u00e1si met\u00f3dus a lehets\u00e9ges eg\u00e9szs\u00e9g\u00fcgyi el\u0151nyei miatt. Fontos azonban, hogy elv\u00e1lasszuk a m\u00edtoszokat a t\u00e9nyekt\u0151l. \u00cdme egy \u00e1tfog\u00f3 NATURLAND \u00e1ttekint\u00e9s hiteles, eg\u00e9szs\u00e9g\u00fcgyi forr\u00e1sok alapj\u00e1n \u00f6ssze\u00e1ll\u00edtva.<\/strong><\/p>\n<h3>Mi is az intervallumdi\u00e9ta?<\/h3>\n<p>Id\u0151szakos b\u00f6jtnek is nevezik ezt az \u00e9tkez\u00e9si mint\u00e1t, amelyben az egy\u00e9nek ciklikusan, egy meghat\u00e1rozott rend szerint v\u00e1ltogatj\u00e1k az ev\u00e9s \u00e9s a nem ev\u00e9s, a b\u00f6jt\u00f6l\u00e9s id\u0151szak\u00e1t. A leggyakoribb m\u00f3dszerek k\u00f6z\u00e9 tartoznak az al\u00e1bbiak:<\/p>\n<ol>\n<li>A 16\/8 m\u00f3dszer: 16 \u00f3r\u00e1n \u00e1t tart\u00f3 b\u00f6jt\u00f6l\u00e9s amikor az \u00e9tkez\u00e9sek egy 8 \u00f3r\u00e1s id\u0151ablakban t\u00f6rt\u00e9nnek.<\/li>\n<li>Az 5:2 di\u00e9ta: \u00f6t napon \u00e1t norm\u00e1lis, a napi aktivit\u00e1snak megfelel\u0151 kal\u00f3riatartalm\u00fa \u00e9tkez\u00e9st folytatnak, majd k\u00e9t nem egym\u00e1st k\u00f6vet\u0151 napon a bevitt kal\u00f3ri\u00e1k mennyis\u00e9g\u00e9t jelent\u0151sen korl\u00e1tozz\u00e1k, kb. 500-600 Kcal\/nap \u00e9rt\u00e9kre.<\/li>\n<li>Ev\u00e9s-b\u00f6jt-ev\u00e9s m\u00f3dszer, amikor hetente egy vagy k\u00e9t alkalommal 24 \u00f3r\u00e1n kereszt\u00fcl nem esznek semmit.<\/li>\n<li>Alternat\u00edv napi b\u00f6jt\u00f6l\u00e9s eset\u00e9n pedig v\u00e1ltogatj\u00e1k a b\u00f6jt\u00f6s \u00e9s az ev\u0151s napokat tetsz\u0151leges ritmusban.<\/li>\n<\/ol>\n<h3>El\u0151nyei<\/h3>\n<p>Az id\u0151szakos b\u00f6jtnek sz\u00e1mos bizony\u00edtott el\u0151nye van.<\/p>\n<ol>\n<li>Az egyik a fogy\u00e1s \u00e9s zs\u00edr\u00e9get\u00e9s hat\u00e9konys\u00e1ga. Mivel az id\u0151szakos b\u00f6jt sor\u00e1n korl\u00e1tozzuk a kal\u00f3riabevitelt, egyidej\u0171leg pedig fokozzuk az anyagcsere aktivit\u00e1s\u00e1t, \u00edgy a m\u00f3dszer seg\u00edthet a tests\u00faly \u00e9s a zs\u00edr cs\u00f6kkent\u00e9s\u00e9ben.<\/li>\n<li>Az intervallum di\u00e9ta jav\u00edtja az anyagcsere-eg\u00e9szs\u00e9g\u00e9t. Az id\u0151szakos b\u00f6jt el\u0151seg\u00edtheti az inzulin\u00e9rz\u00e9kenys\u00e9get, cs\u00f6kkentheti a gyullad\u00e1st \u00e9s cs\u00f6kkentheti a v\u00e9rcukorszintet .<\/li>\n<li>A sejtszinten megval\u00f3sul\u00f3 jav\u00edt\u00e1sok hat\u00e1ssal vannak a hossz\u00fa \u00e9lettartamra. A b\u00f6jt\u00f6l\u00e9s ugyanis autof\u00e1gi\u00e1t v\u00e1lt ki, azaz egy olyan sejtjav\u00edt\u00f3 folyamatot, amely seg\u00edthet a betegs\u00e9gek megel\u0151z\u00e9s\u00e9ben \u00e9s az \u00e9lettartam meghosszabb\u00edt\u00e1s\u00e1ban.<\/li>\n<li>A b\u00f6jt\u00f6l\u00e9s j\u00f3 hat\u00e1ssal van a sz\u00edv eg\u00e9szs\u00e9g\u00e9re. Az id\u0151szakos b\u00f6jt jav\u00edthatja a sz\u00edv eg\u00e9szs\u00e9gi mutat\u00f3it, p\u00e9ld\u00e1ul a v\u00e9rnyom\u00e1st, a koleszterinszintet \u00e9s a trigliceridek szintj\u00e9t<\/li>\n<\/ol>\n<figure id=\"attachment_12825\" aria-describedby=\"caption-attachment-12825\" style=\"width: 660px\" class=\"wp-caption aligncenter\"><img loading=\"lazy\" decoding=\"async\" class=\"size-medium wp-image-12825\" src=\"https:\/\/naturland.hu\/wp-content\/uploads\/2024\/05\/Egy-elokelo-no-elutasitja-az-etelkiszolgalast-660x475.jpg\" alt=\"Egy elo\u030bkelo\u030b no\u030b elutasi\u0301tja az e\u0301telkiszolga\u0301la\u0301st.\" width=\"660\" height=\"475\" srcset=\"https:\/\/naturland.hu\/wp-content\/uploads\/2024\/05\/Egy-elokelo-no-elutasitja-az-etelkiszolgalast-660x475.jpg 660w, https:\/\/naturland.hu\/wp-content\/uploads\/2024\/05\/Egy-elokelo-no-elutasitja-az-etelkiszolgalast-1024x738.jpg 1024w, https:\/\/naturland.hu\/wp-content\/uploads\/2024\/05\/Egy-elokelo-no-elutasitja-az-etelkiszolgalast-440x317.jpg 440w, https:\/\/naturland.hu\/wp-content\/uploads\/2024\/05\/Egy-elokelo-no-elutasitja-az-etelkiszolgalast-768x553.jpg 768w, https:\/\/naturland.hu\/wp-content\/uploads\/2024\/05\/Egy-elokelo-no-elutasitja-az-etelkiszolgalast-1536x1106.jpg 1536w, https:\/\/naturland.hu\/wp-content\/uploads\/2024\/05\/Egy-elokelo-no-elutasitja-az-etelkiszolgalast-2048x1475.jpg 2048w, https:\/\/naturland.hu\/wp-content\/uploads\/2024\/05\/Egy-elokelo-no-elutasitja-az-etelkiszolgalast-600x432.jpg 600w\" sizes=\"auto, (max-width: 660px) 100vw, 660px\" \/><figcaption id=\"caption-attachment-12825\" class=\"wp-caption-text\">Meg kell v\u00e1lasztani mikor, mit \u00e9s mennyit esz\u00fcnk<\/figcaption><\/figure>\n<h3>T\u00e9ved\u00e9sek, t\u00e9vhitek<\/h3>\n<p>Term\u00e9szetesen gyakori m\u00edtoszok \u00e9s t\u00e9vhitek is olvashat\u00f3k az intervallum di\u00e9ta kapcs\u00e1n.<\/p>\n<p>Az egy k\u00f6zkelet\u0171 t\u00e9ved\u00e9s, hogy az id\u0151szakos b\u00f6jt izomveszt\u00e9shez vezet. A t\u00e9ny ezzel szemben az, hogy megfelel\u0151en v\u00e9grehajtva az id\u0151szakos b\u00f6jt nem felt\u00e9tlen\u00fcl vezet izomveszt\u00e9shez. A megfelel\u0151 feh\u00e9rjebevitel \u00e9s az ellen\u00e1ll\u00e1sos, teh\u00e1t nem s\u00falyz\u00f3s edz\u00e9s meg\u0151rizheti az izomt\u00f6meget a di\u00e9ta alatt is.<\/p>\n<p>M\u00e1sik k\u00f6zkelet\u0171 m\u00edtosz, hogy az intervallum di\u00e9ta mindenki sz\u00e1m\u00e1ra alkalmas \u00e9s j\u00f3 m\u00f3dszer. Ez nem igaz, mert az id\u0151szakos b\u00f6jt p\u00e9ld\u00e1ul nem j\u00f3 \u00e9s nem val\u00f3 az \u00e1llapotos n\u0151knek, az \u00e9tkez\u00e9si zavarokkal k\u00fczd\u0151 egy\u00e9neknek \u00e9s bizonyos, f\u0151leg em\u00e9szt\u0151szervi \u00e9s anyagcsere betegs\u00e9gben szenved\u0151knek. Fontos, hogy az intervallum di\u00e9ta megkezd\u00e9se el\u0151tt konzult\u00e1ljunk kezelk\u0151orvosunkkal, h\u00e1ziorvosunkkal.<\/p>\n<p>Az is egy k\u00f6zkelet\u0171 t\u00e9ved\u00e9s, hogy az intervallum di\u00e9ta \u00e9tkez\u00e9si id\u0151ablakai alatt b\u00e1rmit ehet\u00fcnk. Az \u00e9telek min\u0151s\u00e9ge, t\u00e1p\u00e9rt\u00e9ke m\u00e9g mindig sokat sz\u00e1m\u00edt. A teljes \u00e9rt\u00e9k\u0171, t\u00e1panyagokban gazdag \u00e9trend d\u00f6nt\u0151 fontoss\u00e1g\u00fa az id\u0151szakos b\u00f6jt teljes k\u00f6r\u0171 el\u0151nyeinek kiakn\u00e1z\u00e1s\u00e1hoz.<\/p>\n<p>Sokan \u00e1ll\u00edtj\u00e1k, hogy az id\u0151szakos b\u00f6jt jobb \u00e9s hat\u00e9konyabb, , mint m\u00e1s di\u00e9t\u00e1k. B\u00e1r az intervallum di\u00e9ta sokak sz\u00e1m\u00e1ra t\u00e9nyleg hat\u00e9kony, de azt nem \u00e1ll\u00edthatjuk, hogy eleve jobb, mint m\u00e1s m\u00f3dszerek. A hat\u00e9konys\u00e1ga ugyanis nagyban f\u00fcgg az egy\u00e9nt\u0151l \u00e9s att\u00f3l a k\u00e9pess\u00e9gt\u0151l, hogy hossz\u00fa t\u00e1von fenn tudja-e tartani.<\/p>\n<figure id=\"attachment_12823\" aria-describedby=\"caption-attachment-12823\" style=\"width: 660px\" class=\"wp-caption aligncenter\"><img loading=\"lazy\" decoding=\"async\" class=\"size-medium wp-image-12823\" src=\"https:\/\/naturland.hu\/wp-content\/uploads\/2024\/05\/Mosolygos-no-aki-a-friss-salata-helyett-sutemenyt-valaszt-a-konyhaban-660x371.jpg\" alt=\"Mosolygo\u0301s no\u030b, aki a friss sala\u0301ta helyett su\u0308teme\u0301nyt va\u0301laszt a konyha\u0301ban.\" width=\"660\" height=\"371\" srcset=\"https:\/\/naturland.hu\/wp-content\/uploads\/2024\/05\/Mosolygos-no-aki-a-friss-salata-helyett-sutemenyt-valaszt-a-konyhaban-660x371.jpg 660w, https:\/\/naturland.hu\/wp-content\/uploads\/2024\/05\/Mosolygos-no-aki-a-friss-salata-helyett-sutemenyt-valaszt-a-konyhaban-1024x576.jpg 1024w, https:\/\/naturland.hu\/wp-content\/uploads\/2024\/05\/Mosolygos-no-aki-a-friss-salata-helyett-sutemenyt-valaszt-a-konyhaban-440x247.jpg 440w, https:\/\/naturland.hu\/wp-content\/uploads\/2024\/05\/Mosolygos-no-aki-a-friss-salata-helyett-sutemenyt-valaszt-a-konyhaban-768x432.jpg 768w, https:\/\/naturland.hu\/wp-content\/uploads\/2024\/05\/Mosolygos-no-aki-a-friss-salata-helyett-sutemenyt-valaszt-a-konyhaban-1536x864.jpg 1536w, https:\/\/naturland.hu\/wp-content\/uploads\/2024\/05\/Mosolygos-no-aki-a-friss-salata-helyett-sutemenyt-valaszt-a-konyhaban-2048x1152.jpg 2048w, https:\/\/naturland.hu\/wp-content\/uploads\/2024\/05\/Mosolygos-no-aki-a-friss-salata-helyett-sutemenyt-valaszt-a-konyhaban-600x337.jpg 600w\" sizes=\"auto, (max-width: 660px) 100vw, 660px\" \/><figcaption id=\"caption-attachment-12823\" class=\"wp-caption-text\">Senki sem \u00e1ll\u00edtja, hogy k\u00f6nny\u0171<\/figcaption><\/figure>\n<h3>Aj\u00e1nl\u00e1sok, megfontol\u00e1sok<\/h3>\n<p>\u00c9rdemes alaposan megfontolni miel\u0151tt intervallum di\u00e9t\u00e1ba kezd\u00fcnk. Ne a szomsz\u00e9dasszonyt tekints\u00fck els\u0151dleges \u00e9s hiteles inform\u00e1ci\u00f3forr\u00e1snak! \u00c9rdemes betartani az al\u00e1bbi aj\u00e1nl\u00e1sokat:<\/p>\n<p>A fokozatoss\u00e1g elve. Minden \u00e9letm\u00f3dv\u00e1ltoztat\u00e1s eset\u00e9n, \u00edgy az id\u0151szakos b\u00f6jtn\u00e9l is \u00e9rv\u00e9nyes, hogy kezdj\u00fck r\u00f6videbb b\u00f6jt\u00f6l\u00e9si id\u0151szakokkal, \u00e9s fokozatosan n\u00f6velj\u00fck azt. Nem okos dolog r\u00f6gt\u00f6n, els\u0151 l\u00e9p\u00e9sk\u00e9nt a szervezet\u00fcnket nagyon megterhelni \u00e9s elvinni a t\u0171r\u0151k\u00e9pess\u00e9g hat\u00e1r\u00e1ig. A hangulatunkra, \u00e1ltal\u00e1nos k\u00f6z\u00e9rzet\u00fcnkre is nagyon r\u00e1nyomhatja a b\u00e9lyeg\u00e9t egy hirtelen \u00f6tlettel megkezdett intervallum di\u00e9ta, nem besz\u00e9lve az eg\u00e9szs\u00e9g\u00fcgyi hat\u00e1sair\u00f3l.<\/p>\n<p>Fontos, hogy nagyon odafigyelj\u00fcnk a megfelel\u0151 hidrat\u00e1lts\u00e1gra, azaz igyon sok vizet \u00e9s m\u00e1s kal\u00f3riamentes \u00e9s alkoholmentes italokat a b\u00f6jti id\u0151szakok alatt.<\/p>\n<p>Nem lehet el\u00e9gszer hangs\u00falyozni a kiegyens\u00falyozott \u00e9trend szerep\u00e9t. Gondoskodjunk r\u00f3la, hogy az \u00e9tkez\u00e9si ablakok alatt elfogyasztott \u00e9telek elegend\u0151 feh\u00e9rj\u00e9t, eg\u00e9szs\u00e9ges zs\u00edrokat \u00e9s rostokat tartalmazzanak.<\/p>\n<p>Vegy\u00fck \u00e9szre test\u00fcnk jelz\u00e9seit! Figyelj\u00fcnk arra, hogyan reag\u00e1l a szervezet\u00fcnk az id\u0151szakos b\u00f6jtre, \u00e9s ennek megfelel\u0151en igazodjunk hozz\u00e1. Ha nem \u00e9rezz\u00fck magunkat komfortosan, ink\u00e1bb hagyjuk abba \u00e9s forduljunk dietetikushoz vagy a h\u00e1ziorvoshoz!<\/p>\n<p>\u00d6sszess\u00e9g\u00e9ben elmondhat\u00f3, hogy az id\u0151szakos b\u00f6jt jelent\u0151s eg\u00e9szs\u00e9g\u00fcgyi el\u0151ny\u00f6kkel j\u00e1rhat, de fontos, hogy megfelel\u0151en t\u00e1j\u00e9koz\u00f3djunk miel\u0151tt belev\u00e1gunk. A m\u00edtoszok, a t\u00e9nyek \u00e9s az aj\u00e1nl\u00e1sok meg\u00e9rt\u00e9se \u00e9s megfelel\u0151 m\u00e9rlegel\u00e9se seg\u00edthet eld\u00f6nteni, hogy az intervallum di\u00e9ta a megfelel\u0151 \u00e9trendi-fogy\u00e1si strat\u00e9gia-e sz\u00e1munkra.<\/p>\n<h3>Hivatkoz\u00e1sok, forr\u00e1sok<\/h3>\n<p><a href=\"https:\/\/www.healthline.com\/nutrition\/10-health-benefits-of-intermittent-fasting\" target=\"_blank\" rel=\"noopener\">Healthline: Az id\u0151szakos b\u00f6jt 10 bizony\u00edt\u00e9kokon alapul\u00f3 eg\u00e9szs\u00e9g\u00fcgyi el\u0151nye<\/a><\/p>\n<p><a href=\"https:\/\/www.mayoclinic.org\/healthy-lifestyle\/nutrition-and-healthy-eating\/expert-answers\/intermittent-fasting\/faq-20441303\" target=\"_blank\" rel=\"noopener\">Mayo Clinic: Az id\u0151szakos b\u00f6jt eg\u00e9szs\u00e9ges m\u00f3dja a fogy\u00e1snak?<\/a><\/p>\n<p><a href=\"https:\/\/www.ncbi.nlm.nih.gov\/pmc\/articles\/PMC3946160\" target=\"_blank\" rel=\"noopener\">PubMed Central: Az id\u0151szakos b\u00f6jt hat\u00e1sa az eg\u00e9szs\u00e9gre, az \u00f6reged\u00e9sre \u00e9s a betegs\u00e9gekre<\/a><\/p>\n<p><a href=\"https:\/\/www.webmd.com\/diet\/obesity\/features\/intermittent-fasting-diet\" target=\"_blank\" rel=\"noopener\">WebMD: Id\u0151szakos b\u00f6jt: \u00datmutat\u00f3 az el\u0151ny\u00f6kh\u00f6z, az izomgyarapod\u00e1shoz \u00e9s m\u00e9g sok m\u00e1shoz<\/a><\/p>\n<p><a href=\"https:\/\/www.hsph.harvard.edu\/nutritionsource\/healthy-weight\/diet-reviews\/intermittent-fasting\" target=\"_blank\" rel=\"noopener\">Harvard T.H. Chan N\u00e9peg\u00e9szs\u00e9g\u00fcgyi iskola: Az id\u0151szakos b\u00f6jt\u00f6l\u00e9s el\u0151nyei<\/a><\/p>\n<p><a href=\"https:\/\/www.hopkinsmedicine.org\/health\/wellness-and-prevention\/intermittent-fasting-what-is-it-and-how-does-it-work)**(https:\/www.hopkinsmedicine.org\/health\/wellness-and-prevention\/intermittent-fasting-what-is-it-and-how-does-it-work\" target=\"_blank\" rel=\"noopener\">Johns Hopkins Medicine: Intervallum di\u00e9ta: Mi ez, \u00e9s hogyan m\u0171k\u00f6dik?<\/a><\/p>\n<p>&nbsp;<\/p>\n","protected":false},"excerpt":{"rendered":"<p>P\u00e9ntekenk\u00e9nt nem eszem semmit. Este hat ut\u00e1n m\u00e1r csak vizet iszom. Hetente k\u00e9t napon komoly b\u00f6jt\u00f6t&#8230;<\/p>\n","protected":false},"author":140,"featured_media":12821,"comment_status":"closed","ping_status":"closed","sticky":false,"template":"","format":"standard","meta":{"inline_featured_image":false,"footnotes":""},"categories":[1690,1769],"tags":[],"class_list":["post-12827","post","type-post","status-publish","format-standard","has-post-thumbnail","hentry","category-blog","category-kiemelt"],"_links":{"self":[{"href":"https:\/\/naturland.hu\/en\/wp-json\/wp\/v2\/posts\/12827","targetHints":{"allow":["GET"]}}],"collection":[{"href":"https:\/\/naturland.hu\/en\/wp-json\/wp\/v2\/posts"}],"about":[{"href":"https:\/\/naturland.hu\/en\/wp-json\/wp\/v2\/types\/post"}],"author":[{"embeddable":true,"href":"https:\/\/naturland.hu\/en\/wp-json\/wp\/v2\/users\/140"}],"replies":[{"embeddable":true,"href":"https:\/\/naturland.hu\/en\/wp-json\/wp\/v2\/comments?post=12827"}],"version-history":[{"count":0,"href":"https:\/\/naturland.hu\/en\/wp-json\/wp\/v2\/posts\/12827\/revisions"}],"wp:featuredmedia":[{"embeddable":true,"href":"https:\/\/naturland.hu\/en\/wp-json\/wp\/v2\/media\/12821"}],"wp:attachment":[{"href":"https:\/\/naturland.hu\/en\/wp-json\/wp\/v2\/media?parent=12827"}],"wp:term":[{"taxonomy":"category","embeddable":true,"href":"https:\/\/naturland.hu\/en\/wp-json\/wp\/v2\/categories?post=12827"},{"taxonomy":"post_tag","embeddable":true,"href":"https:\/\/naturland.hu\/en\/wp-json\/wp\/v2\/tags?post=12827"}],"curies":[{"name":"wp","href":"https:\/\/api.w.org\/{rel}","templated":true}]}}