{"id":12213,"date":"2024-03-18T12:31:35","date_gmt":"2024-03-18T11:31:35","guid":{"rendered":"https:\/\/naturland.hu\/?p=12213"},"modified":"2024-03-18T12:31:35","modified_gmt":"2024-03-18T11:31:35","slug":"tavaszi-faradtsag-2","status":"publish","type":"post","link":"https:\/\/naturland.hu\/en\/blog\/tavaszi-faradtsag-2\/","title":{"rendered":"Tavaszi f\u00e1radts\u00e1g \u2013 \u00e9letm\u00f3d"},"content":{"rendered":"<p><strong>Szezon\u00e1lis depresszi\u00f3, kedvetlens\u00e9g, energiahi\u00e1ny, \u00e1ltal\u00e1nos leverts\u00e9g \u2013 mind, mind a tavaszi f\u00e1radts\u00e1g n\u00e9ven k\u00f6zismert t\u00fcnetegy\u00fcttes jellemz\u0151i. <a href=\"https:\/\/naturland.hu\/tavaszi-faradtsag-1\/\" target=\"_blank\" rel=\"noopener\"><u>El\u0151z\u0151 \u00edr\u00e1sunkban elemezt\u00fck<\/u><\/a> a jelens\u00e9g hormon\u00e1lis okait \u00e9s felh\u00edvtuk a figyelmet a megfelel\u0151 vitaminfogyaszt\u00e1sra. Most az \u00e9letm\u00f3dra terelj\u00fck a figyelmet \u00e9s adunk p\u00e1r Naturland-tippet is, hogyan gy\u0171rj\u00fck le k\u00f6nnyed\u00e9n, ha \u201eelkapott a tavaszi\u201d.<\/strong><\/p>\n<p>M\u00e1rcius 21-e a tavaszi napfordul\u00f3 jeles id\u0151pontja: 12 \u00f3ra a nappal \u00e9s ugyanennyi az \u00e9jszaka. A csillag\u00e1szati tavasz bek\u00f6sz\u00f6nte azt is jelenti, hogy a F\u00f6ld forg\u00e1sa ok\u00e1n tov\u00e1bb hosszabbodnak \u00e9s melegednek a nappalok. T\u00e9nyleg bek\u00f6sz\u00f6nt a tavasz, magunk m\u00f6g\u00f6tt hagyjuk a t\u00e9li \u00e9letm\u00f3dot. Igen\u00e1m, de ez nemcsak puszt\u00e1n a napos \u00f3r\u00e1k n\u00f6veked\u00e9s\u00e9t jelenti, hanem azt is, hogy az egyre hosszabb napok megn\u00f6vekedett energiaig\u00e9nnyel j\u00e1rnak, ami pr\u00f3b\u00e1ra teszi a szervezet\u00fcnket. S\u0151t, ak\u00e1r meg is haladhatja a kapacit\u00e1sainkat, amivel kezelni tudn\u00e1nk ezt a v\u00e1ltoz\u00e1st. Ennek sajn\u00e1latos eredm\u00e9nye, hogy fesz\u00fcltek vagyunk, f\u00e1radtnak \u00e9rezz\u00fck magunkat. Az \u00e9vszakv\u00e1lt\u00e1shoz val\u00f3 alkalmazkod\u00e1s terheit \u00e9s t\u00fcneteit nevezz\u00fck tavaszi f\u00e1radts\u00e1gnak.<\/p>\n<h3>Mi az oka?<\/h3>\n<p>M\u00e9g mindig nem tudjuk pontosan, mi\u00e9rt t\u00f6rt\u00e9nik ez, de a kutat\u00e1sok k\u00fcls\u0151 \u00e9s bels\u0151 v\u00e1ltoz\u00e1sokat egyar\u00e1nt a lehets\u00e9ges okok k\u00f6z\u00f6tt eml\u00edtik. Az emberi szervezet ugyanis hajlamos minden v\u00e1ltoz\u00e1st \u2013 ak\u00e1r k\u00fcls\u0151, ak\u00e1r bels\u0151 \u2013 egyfajta stresszk\u00e9nt felfogni \u00e9s ekk\u00e9nt kezelni. Az \u00e9vszakv\u00e1lt\u00e1s mindig hat\u00e1ssal van a homeoszt\u00e1zisra, azaz a bels\u0151 k\u00f6rnyezet\u00fcnk \u00e1lland\u00f3s\u00e1g\u00e1ra. Mivel hosszabbodnak a nappalok \u00e9s t\u00f6bb napf\u00e9ny is \u00e9r benn\u00fcnket, \u00edgy emelkedik k\u00f6rnyezet\u00fcnkben a h\u0151m\u00e9rs\u00e9klet \u00e9s a p\u00e1ratartalom. Ugyanakkor t\u00f6bb id\u0151t tudunk k\u00fcl\u00f6nf\u00e9le aktivit\u00e1sokra ford\u00edtani, ami \u00e9rtelemszer\u0171en fokozott energiafogyaszt\u00e1st is jelent. A szervezet\u00fcnk kem\u00e9nyen dolgozik azon, hogy megfeleljen ezeknek az ig\u00e9nyeknek, s egy\u00fattal helyre\u00e1ll\u00edtsa a t\u00e9len meggyeng\u00fclt v\u00e9dekez\u0151 rendszert.<\/p>\n<p><u>M\u00e1r el\u0151z\u0151 \u00edr\u00e1sunkban is eml\u00edtett\u00fck a hormonok kiemelt szerep\u00e9t ebben a folyamatban<\/u>. T\u00e9len a r\u00f6videbb nappalok \u00e9s az alacsonyabb fizikai aktivit\u00e1s miatt a szerotonin (stresszold\u00f3 \u00e9s boldogs\u00e1gfokoz\u00f3) valamint a dopamin (motiv\u00e1ci\u00f3s) hormonok fogynak jobban. A kortizol, a stresszhormon szintje is megn\u0151 a fokozott k\u00f6rnyezeti fenyeget\u00e9sek (hideg, sz\u00e9l, rossz id\u0151) miatt. \u00cdgy a t\u00e9l v\u00e9ge fel\u00e9 m\u00e1r rosszabbul \u00e9rezz\u00fck magunkat a b\u0151r\u00fcnkben, letargikusak, alulmotiv\u00e1ltak lesz\u00fcnk, \u00fagy \u00e9rezz\u00fck, hogy elhagy az er\u0151nk.<\/p>\n<figure id=\"attachment_12211\" aria-describedby=\"caption-attachment-12211\" style=\"width: 602px\" class=\"wp-caption aligncenter\"><img loading=\"lazy\" decoding=\"async\" class=\"size-full wp-image-12211\" src=\"https:\/\/naturland.hu\/wp-content\/uploads\/2024\/03\/The-girl-accidentally-fell-asleep-in-bed-at-noon.-The-girl-sleeps-in-the-afternoon-in-clothes.-Short-restorative-daytime-sleep.jpg\" alt=\"A-l\u00e1ny-v\u00e9letlen\u00fcl-alszik-az-\u00e1gyban-d\u00e9lut\u00e1n -ruh\u00e1ban.-R\u00f6vid pihentet\u0151-nappali alv\u00e1s.\" width=\"602\" height=\"401\" srcset=\"https:\/\/naturland.hu\/wp-content\/uploads\/2024\/03\/The-girl-accidentally-fell-asleep-in-bed-at-noon.-The-girl-sleeps-in-the-afternoon-in-clothes.-Short-restorative-daytime-sleep.jpg 602w, https:\/\/naturland.hu\/wp-content\/uploads\/2024\/03\/The-girl-accidentally-fell-asleep-in-bed-at-noon.-The-girl-sleeps-in-the-afternoon-in-clothes.-Short-restorative-daytime-sleep-440x293.jpg 440w, https:\/\/naturland.hu\/wp-content\/uploads\/2024\/03\/The-girl-accidentally-fell-asleep-in-bed-at-noon.-The-girl-sleeps-in-the-afternoon-in-clothes.-Short-restorative-daytime-sleep-600x400.jpg 600w\" sizes=\"auto, (max-width: 602px) 100vw, 602px\" \/><figcaption id=\"caption-attachment-12211\" class=\"wp-caption-text\">Egy r\u00f6vid nappali alv\u00e1s pihentet\u0151 lehet a tavaszi ellen<\/figcaption><\/figure>\n<p>A vitalit\u00e1s hi\u00e1nya els\u0151sorban a szervezetben l\u00e9v\u0151 vitamintartal\u00e9kok megcsappan\u00e1s\u00e1b\u00f3l ad\u00f3dhat. <a href=\"https:\/\/naturland.hu\/termekkategoria\/c-vitamin-csalad\/\">Az olyan els\u0151dleges energian\u00f6vel\u0151k, mint a C- \u00e9s D-vitamin<\/a>, mind a napf\u00e9ny \u00e9s a friss gy\u00fcm\u00f6lcs\u00f6k, z\u00f6lds\u00e9gek bevitel\u00e9t\u0151l f\u00fcggenek. T\u00e9len mindegyikb\u0151l kevesebb \u00e1ll rendelkez\u00e9s\u00fcnkre. Ugyanakkor az emberi faj, mint a term\u00e9szet r\u00e9sze, nem f\u00fcggetlen\u00edtheti mag\u00e1t az olyan \u00e1ltal\u00e1nos \u00e9s \u0151si \u00f6szt\u00f6n\u00f6k\u00f6n nyugv\u00f3 viselked\u00e9smint\u00e1zatokt\u00f3l, mint a fokozott libid\u00f3 jelentkez\u00e9se \u00e9s a reprodukt\u00edv k\u00e9sztet\u00e9s. Az \u00e1llat \u00e9s n\u00f6v\u00e9nyfajok ilyenkor szaporodnak, v\u00e1lasztanak p\u00e1rt maguknak, ind\u00edtj\u00e1k \u00fatj\u00e1ra az \u00e9let k\u00f6vetkez\u0151 gener\u00e1ci\u00f3j\u00e1t.<\/p>\n<p>Az emberi faj tal\u00e1n \u00fagy gondolja, hogy f\u00fcggetlen\u00edtette mag\u00e1t ezekt\u0151l a k\u00e9nyszerekt\u0151l, de ez nincs \u00edgy. Mert ha \u00edgy lenne, akkor nem jelentkezne a tavaszi f\u00e1radts\u00e1g. A t\u00fcnetei k\u00f6z\u00e9 tartozik az \u00e9tv\u00e1gytalans\u00e1g, a figyelem \u00e9s a koncentr\u00e1ci\u00f3 neh\u00e9zs\u00e9ge, a nem kiel\u00e9g\u00edt\u0151 alv\u00e1s, \u00e1lmoss\u00e1g, a fejf\u00e1j\u00e1s, a megromlott \u00edt\u00e9l\u0151k\u00e9pess\u00e9g, a megv\u00e1ltozott \u00e9rz\u00e9kszervi \u00e9rz\u00e9kel\u00e9s, a lass\u00fa reflexek \u00e9s az ingerekre adott reakci\u00f3k, a motiv\u00e1ci\u00f3 hi\u00e1nya, a gyenge immunm\u0171k\u00f6d\u00e9s, valamint a mem\u00f3ri\u00e1ra, a kritikus gondolkod\u00e1sra, a reakci\u00f3id\u0151re, a hangulatra, a szorong\u00e1sra, az energiaszintre, az em\u00e9szt\u00e9sre \u00e9s a v\u00e9rnyom\u00e1sra gyakorolt negat\u00edv hat\u00e1sok. Ez \u00edgy \u00f6sszess\u00e9g\u00e9ben egy el\u00e9g j\u00f3 kis csomag. De mit kezdj\u00fcnk vele?<\/p>\n<h3>Gy\u0151zz\u00fck le a tavaszit!<\/h3>\n<p>Tal\u00e1n a legfontosabb, hogy gy\u0171rj\u00fck le a rossz stresszt \u00e9s n\u00f6velj\u00fck a bels\u0151 energiaszint\u00fcnket. Mindkett\u0151 seg\u00edteni fogja szervezet\u00fcnk energiaegyens\u00faly\u00e1nak, \u00e9rzelmi stabilit\u00e1s\u00e1nak meg\u0151rz\u00e9s\u00e9t \u00e9s a megfelel\u0151 alv\u00e1s el\u00e9r\u00e9s\u00e9t. A stressz cs\u00f6kkent\u00e9s\u00e9nek egyik j\u00f3 m\u00f3dja, ha megpr\u00f3b\u00e1lunk napi \u00e9s heti rutinokat fel\u00e1ll\u00edtani. A j\u00f3l szervezett mindennapok seg\u00edtenek mind ment\u00e1lisan, mind testileg, hogy j\u00f3l alkalmazkodjunk a v\u00e1ltoz\u00e1sokhoz. <a href=\"https:\/\/naturland.hu\/mentalis-meregtelenites\/\">K\u00f6nnyen bel\u00e1that\u00f3, hogy egy rendszertelen \u00e9s t\u00falfesz\u00edtett \u00e9let (egyszerre szeretn\u00e9k h\u00e1rom helyen ott lenni \u00e9s helyt\u00e1llni, t\u00falzs\u00fafolom a napjaimat)<\/a> nem seg\u00edti a lenyugv\u00e1st \u00e9s egy \u00e1lland\u00f3 energiszint (\u00e9s sz\u00fcks\u00e9glet) be\u00e1ll\u00edt\u00e1s\u00e1t. \u00e9pp ez\u00e9rt ker\u00fclj\u00fck a hat\u00e1raink feszeget\u00e9s\u00e9t, hiszen minden hirtelen v\u00e1ltoz\u00e1st stresszk\u00e9nt ford\u00edt le a szervezet\u00fcnk. A j\u00f3l szab\u00e1lyozott tev\u00e9kenys\u00e9g \u00e9s kialakult szok\u00e1sok minimaliz\u00e1lj\u00e1k ezeket a k\u00e1ros hat\u00e1sokat.<\/p>\n<figure id=\"attachment_12209\" aria-describedby=\"caption-attachment-12209\" style=\"width: 602px\" class=\"wp-caption aligncenter\"><img loading=\"lazy\" decoding=\"async\" class=\"size-full wp-image-12209\" src=\"https:\/\/naturland.hu\/wp-content\/uploads\/2024\/03\/Senior-woman-doing-breathing-exercise-in-nature-on-early-morning-with-fog-and-mountains-in-background.jpg\" alt=\"Id\u0151s n\u0151 l\u00e9gz\u0151gyakorlatot v\u00e9gez a term\u00e9szetben kora reggel, k\u00f6ddel \u00e9s hegyekkel a h\u00e1tt\u00e9rben.\" width=\"602\" height=\"401\" srcset=\"https:\/\/naturland.hu\/wp-content\/uploads\/2024\/03\/Senior-woman-doing-breathing-exercise-in-nature-on-early-morning-with-fog-and-mountains-in-background.jpg 602w, https:\/\/naturland.hu\/wp-content\/uploads\/2024\/03\/Senior-woman-doing-breathing-exercise-in-nature-on-early-morning-with-fog-and-mountains-in-background-440x293.jpg 440w, https:\/\/naturland.hu\/wp-content\/uploads\/2024\/03\/Senior-woman-doing-breathing-exercise-in-nature-on-early-morning-with-fog-and-mountains-in-background-600x400.jpg 600w\" sizes=\"auto, (max-width: 602px) 100vw, 602px\" \/><figcaption id=\"caption-attachment-12209\" class=\"wp-caption-text\">V\u00e9gezz\u00fcnk naponta h\u00e1romszor l\u00e9gz\u0151gyakorlatot!<\/figcaption><\/figure>\n<p>Vegy\u00fck \u00e9szre, legy\u00fcnk \u00e9rz\u00e9kenyek a test\u00fcnk jelz\u00e9seire, k\u00fcl\u00f6nben megbosszulja mag\u00e1t! Hallgassunk a szervezet\u00fcnkre \u00e9s ehhez igaz\u00edtva \u00fctemezz\u00fck a munk\u00e1t \u00e9s a fizikai aktivit\u00e1st. Ha azt \u00e9rezz\u00fck, hogy m\u00e1r d\u00e9lel\u0151tt 11-kor majd elalszunk \u00e9s \u00fajabb p\u00f6rget\u0151 szerekkel tartjuk magunkat \u00e9beren, azt jelzi, hogy nem j\u00f3l csin\u00e1ljuk. Tartsunk p\u00e9ld\u00e1ul rendszeres pihen\u0151sz\u00fcneteket, ha \u00fcl\u0151munk\u00e1t v\u00e9gz\u00fcnk, \u00e1lljunk fel, mozgassuk \u00e1t tagjainkat. T\u00f6lts\u00fcnk \u00e9rdemi id\u0151t kikapcsol\u00f3, ink\u00e1bb \u00e9lvezetes, mint meger\u0151ltet\u0151 tev\u00e9kenys\u00e9gekkel. A h\u00e9tv\u00e9ge legyen h\u00e9tv\u00e9ge \u00e9s a pihen\u00e9s\u00e9, ne akkor akarjuk behozni minden lemarad\u00e1sunkat!<\/p>\n<h3>8 tipp a fittebb tavasz\u00e9rt!<\/h3>\n<ol>\n<li><a href=\"https:\/\/naturland.hu\/termek\/naturland-majvedo-tea-filteres-25x15g\/\">Igyunk sok vizet, gy\u00f3gyte\u00e1kat! A tiszta, nem cukrozott folyad\u00e9k kimossa a m\u00e9reganyagokat a szervezetb\u0151l, fokozza az anyagcser\u00e9t.<\/a> A kisz\u00e1rad\u00e1s, a kev\u00e9s v\u00edzfogyaszt\u00e1s fejf\u00e1j\u00e1st \u00e9s f\u00e1radts\u00e1got okoz. Egy olyan egyszer\u0171 dolog, mint napi 2-2,5 liter eg\u00e9szs\u00e9ges folyad\u00e9k megiv\u00e1sa az egyik leghat\u00e9konyabb megold\u00e1s a f\u00e1radts\u00e1g ellen.<\/li>\n<li><a href=\"https:\/\/naturland.hu\/egeszsegtar\/uzd-ki-a-merget-salakot\/\">Ink\u00e1bb gyakran, de kis mennyis\u00e9geket egy\u00fcnk!<\/a> A bevitt \u00e9lelem legyen t\u00e1pl\u00e1l\u00f3, eg\u00e9szs\u00e9ges, nem feldolgozott, el\u0151f\u0151z\u00f6tt, pl\u00e1ne nem gyors\u00e9ttermi \u201ejunk-food\u201d. Legal\u00e1bb egyharmad legyen a friss z\u00f6lds\u00e9gek, gy\u00fcm\u00f6lcs\u00f6k ar\u00e1nya: rost \u00e9s C-vitamin. Az idegrendszer \u00e9s a kering\u00e9si rendszer sz\u00e1m\u00e1ra n\u00e9lk\u00fcl\u00f6zhetetlen B1-vitamin miatt egy\u00fcnk babot, di\u00f3f\u00e9l\u00e9ket, magvakat, halat, spen\u00f3tot, sp\u00e1rg\u00e1t \u00e9s gabonaf\u00e9l\u00e9ket, kev\u00e9s v\u00f6r\u00f6s h\u00fast.<\/li>\n<li>\u00dcgyelj\u00fcnk agyunk \u00e9s szervezet\u00fcnk megfelel\u0151 oxig\u00e9n ell\u00e1t\u00e1s\u00e1ra: naponta h\u00e1romszor l\u00e9legezz\u00fcnk 10-10 j\u00f3 m\u00e9lyet!<\/li>\n<li>Ir\u00e1ny a szabadleveg\u0151, a term\u00e9szet, mozogjunk! Kardiovaszkul\u00e1ris el\u0151nyei mellett m\u00e1r napi negyed\u00f3ra naps\u00fct\u00e9s is elegend\u0151 D-vitaminnal t\u00f6lti fel a szervezet\u00fcnket. A testmozg\u00e1s \u00e9s a D-vitamin egy\u00fctt igazi er\u0151nl\u00e9t- \u00e9s energiaszint-n\u00f6vel\u0151. A m\u00e9rs\u00e9kelt aerob testmozg\u00e1s, p\u00e9ld\u00e1ul intenz\u00edv f\u00e9l\u00f3r\u00e1s s\u00e9ta vagy kocog\u00e1s igaz\u00e1n j\u00f3t tesz. A tudatos mozg\u00e1s hat\u00e9kony m\u00f3dja a bels\u0151 energia n\u00f6vel\u00e9s\u00e9nek \u00e9s az elme megnyugtat\u00e1s\u00e1nak. Fontos: edz\u00e9s ut\u00e1n mindig ny\u00fajtsd ki az izmaidat!<\/li>\n<li>\u00c1ltal\u00e1nos felfriss\u00fcl\u00e9st jelent egy v\u00e1ltott hidegvizes-melegvizes zuhany.<\/li>\n<li>A szaun\u00e1z\u00e1s nemcsak t\u00e9len nagyon hasznos!<\/li>\n<li>Ha f\u00e1radt vagy, szund\u00edts egyet! Figyelj\u00fcnk a j\u00f3 alv\u00e1sra: h\u0171v\u00f6s szoba, s\u00f6t\u00e9t\u00edt\u0151f\u00fcgg\u00f6ny, r\u00e9teges \u00e1gynem\u0171, k\u00f6vetkezetesen betartott elalv\u00e1si-\u00e9bred\u00e9si id\u0151pontok.<\/li>\n<li>Kiemelten fontos az \u00e9rzelmi stabilit\u00e1s, amit nemcsak medit\u00e1ci\u00f3val \u00e9s relax\u00e1ci\u00f3s m\u00f3dszerekkel, hanem a legegyszer\u0171bb \u00e9s legszebb emberi gesztusok, az elfogad\u00e1s, odafigyel\u00e9s, kedvess\u00e9g \u00e9s szeretet gyakorl\u00e1s\u00e1val \u00e9rhet\u00fcnk el.<\/li>\n<\/ol>\n<p>&nbsp;<\/p>\n","protected":false},"excerpt":{"rendered":"<p>Szezon\u00e1lis depresszi\u00f3, kedvetlens\u00e9g, energiahi\u00e1ny, \u00e1ltal\u00e1nos leverts\u00e9g \u2013 mind, mind a tavaszi f\u00e1radts\u00e1g n\u00e9ven k\u00f6zismert t\u00fcnetegy\u00fcttes jellemz\u0151i&#8230;.<\/p>\n","protected":false},"author":140,"featured_media":12207,"comment_status":"closed","ping_status":"closed","sticky":false,"template":"","format":"standard","meta":{"inline_featured_image":false,"footnotes":""},"categories":[1690,1769],"tags":[],"class_list":["post-12213","post","type-post","status-publish","format-standard","has-post-thumbnail","hentry","category-blog","category-kiemelt"],"_links":{"self":[{"href":"https:\/\/naturland.hu\/en\/wp-json\/wp\/v2\/posts\/12213","targetHints":{"allow":["GET"]}}],"collection":[{"href":"https:\/\/naturland.hu\/en\/wp-json\/wp\/v2\/posts"}],"about":[{"href":"https:\/\/naturland.hu\/en\/wp-json\/wp\/v2\/types\/post"}],"author":[{"embeddable":true,"href":"https:\/\/naturland.hu\/en\/wp-json\/wp\/v2\/users\/140"}],"replies":[{"embeddable":true,"href":"https:\/\/naturland.hu\/en\/wp-json\/wp\/v2\/comments?post=12213"}],"version-history":[{"count":0,"href":"https:\/\/naturland.hu\/en\/wp-json\/wp\/v2\/posts\/12213\/revisions"}],"wp:featuredmedia":[{"embeddable":true,"href":"https:\/\/naturland.hu\/en\/wp-json\/wp\/v2\/media\/12207"}],"wp:attachment":[{"href":"https:\/\/naturland.hu\/en\/wp-json\/wp\/v2\/media?parent=12213"}],"wp:term":[{"taxonomy":"category","embeddable":true,"href":"https:\/\/naturland.hu\/en\/wp-json\/wp\/v2\/categories?post=12213"},{"taxonomy":"post_tag","embeddable":true,"href":"https:\/\/naturland.hu\/en\/wp-json\/wp\/v2\/tags?post=12213"}],"curies":[{"name":"wp","href":"https:\/\/api.w.org\/{rel}","templated":true}]}}